{"id":7,"date":"2015-11-02T11:18:18","date_gmt":"2015-11-02T11:18:18","guid":{"rendered":"https:\/\/coeducacionmaralboran.wordpress.com\/?p=7"},"modified":"2022-01-24T12:17:30","modified_gmt":"2022-01-24T12:17:30","slug":"el-ies-mar-de-alboran-apuesta-por-la-coeducacion-2","status":"publish","type":"post","link":"https:\/\/maralboran.eu\/coeducacion\/2015\/11\/02\/el-ies-mar-de-alboran-apuesta-por-la-coeducacion-2\/","title":{"rendered":"El IES Mar de Albor\u00e1n apuesta por la (co)educaci\u00f3n"},"content":{"rendered":"<p>El IES Mar de Albor\u00e1n presenta este blog como referencia al trabajo realizado en nuestro centro en pro de una educaci\u00f3n en igualdad.<img loading=\"lazy\" decoding=\"async\" class=\" size-thumbnail wp-image-9 alignright\" src=\"https:\/\/coeducacionmaralboran.files.wordpress.com\/2016\/02\/presentacion2.jpg?w=150\" alt=\"presentacion2\" width=\"150\" height=\"134\" \/><\/p>\n<p style=\"text-align:center\"><strong>\u00a0<\/strong><\/p>\n<p>En nuestro blog tendr\u00e1s disponible todos los eventos y las actividades que se realizan en nuestro centro en relaci\u00f3n a la COEDUCACI\u00d3N.<\/p>\n<p style=\"text-align:right\">El equipo de Coeducaci\u00f3n<\/p>\n<p style=\"text-align:right\">IES Mar de Albor\u00e1n<\/p>\n","protected":false},"excerpt":{"rendered":"<p>El IES Mar de Albor\u00e1n presenta este blog como referencia al trabajo realizado en nuestro centro en pro de una educaci\u00f3n en igualdad. \u00a0 En nuestro blog tendr\u00e1s disponible todos los eventos y las actividades que se realizan en nuestro&#46;&#46;&#46;<\/p>\n","protected":false},"author":8,"featured_media":0,"comment_status":"closed","ping_status":"closed","sticky":false,"template":"","format":"standard","meta":{"_price":"","_stock":"","_tribe_ticket_header":"","_tribe_default_ticket_provider":"","_tribe_ticket_capacity":"","_ticket_start_date":"","_ticket_end_date":"","_tribe_ticket_show_description":"","_tribe_ticket_show_not_going":false,"_tribe_ticket_use_global_stock":"","_tribe_ticket_global_stock_level":"","_global_stock_mode":"","_global_stock_cap":"","_tribe_rsvp_for_event":"","_tribe_ticket_going_count":"","_tribe_ticket_not_going_count":"","_tribe_tickets_list":"[]","_tribe_ticket_has_attendee_info_fields":false,"_kadence_starter_templates_imported_post":false,"footnotes":""},"categories":[7],"tags":[],"class_list":["post-7","post","type-post","status-publish","format-standard","hentry","category-noticias"],"gutentor_comment":0,"featured_image_src":null,"featured_image_src_square":null,"author_info":{"display_name":"coeducacion","author_link":"https:\/\/maralboran.eu\/coeducacion\/author\/coeducacion\/"},"_links":{"self":[{"href":"https:\/\/maralboran.eu\/coeducacion\/wp-json\/wp\/v2\/posts\/7","targetHints":{"allow":["GET"]}}],"collection":[{"href":"https:\/\/maralboran.eu\/coeducacion\/wp-json\/wp\/v2\/posts"}],"about":[{"href":"https:\/\/maralboran.eu\/coeducacion\/wp-json\/wp\/v2\/types\/post"}],"author":[{"embeddable":true,"href":"https:\/\/maralboran.eu\/coeducacion\/wp-json\/wp\/v2\/users\/8"}],"replies":[{"embeddable":true,"href":"https:\/\/maralboran.eu\/coeducacion\/wp-json\/wp\/v2\/comments?post=7"}],"version-history":[{"count":0,"href":"https:\/\/maralboran.eu\/coeducacion\/wp-json\/wp\/v2\/posts\/7\/revisions"}],"wp:attachment":[{"href":"https:\/\/maralboran.eu\/coeducacion\/wp-json\/wp\/v2\/media?parent=7"}],"wp:term":[{"taxonomy":"category","embeddable":true,"href":"https:\/\/maralboran.eu\/coeducacion\/wp-json\/wp\/v2\/categories?post=7"},{"taxonomy":"post_tag","embeddable":true,"href":"https:\/\/maralboran.eu\/coeducacion\/wp-json\/wp\/v2\/tags?post=7"}],"curies":[{"name":"wp","href":"https:\/\/api.w.org\/{rel}","templated":true}]}}