{"id":578,"date":"2018-12-19T08:03:08","date_gmt":"2018-12-19T08:03:08","guid":{"rendered":"http:\/\/maralboran.eu\/coeducacion\/?p=578"},"modified":"2022-01-24T11:55:53","modified_gmt":"2022-01-24T11:55:53","slug":"malala-yousafzai","status":"publish","type":"post","link":"https:\/\/maralboran.eu\/coeducacion\/2018\/12\/19\/malala-yousafzai\/","title":{"rendered":"MALALA YOUSAFZAI"},"content":{"rendered":"<blockquote>\n<p><img loading=\"lazy\" decoding=\"async\" class=\"wp-image-642 aligncenter\" src=\"http:\/\/maralboran.eu\/coeducacion\/wp-content\/uploads\/sites\/6\/2018\/12\/Esquema-en-Balsamic-1-300x117.png\" alt=\"\" width=\"618\" height=\"243\" srcset=\"https:\/\/maralboran.eu\/coeducacion\/wp-content\/uploads\/sites\/6\/2018\/12\/Esquema-en-Balsamic-1-300x117.png 300w, https:\/\/maralboran.eu\/coeducacion\/wp-content\/uploads\/sites\/6\/2018\/12\/Esquema-en-Balsamic-1-1024x401.png 1024w, https:\/\/maralboran.eu\/coeducacion\/wp-content\/uploads\/sites\/6\/2018\/12\/Esquema-en-Balsamic-1-971x380.png 971w, https:\/\/maralboran.eu\/coeducacion\/wp-content\/uploads\/sites\/6\/2018\/12\/Esquema-en-Balsamic-1.png 1406w\" sizes=\"auto, (max-width: 618px) 100vw, 618px\" \/><\/p>\n<p>\u201cLos extremistas tem\u00edan a los libros y a los bol\u00edgrafos.\u00a0El poder de la educaci\u00f3n los asusta.\u00a0Tienen miedo de las mujeres &#8230; Vamos a recoger nuestros libros y bol\u00edgrafos.\u00a0Son nuestras armas m\u00e1s poderosas \u00ab.<\/p>\n<\/blockquote>\n<p>Malala naci\u00f3 en Mingora, Pakist\u00e1n el 12 de Julio de 1997. Es <strong>defensora de la educaci\u00f3n<\/strong> de las ni\u00f1as desde bien joven, debido a el r\u00e9gimen machista implantado en su pa\u00eds.<\/p>\n<p>A principios de 2009, Malala comenz\u00f3 a blogear para la BBC, contaba como era la vida bajo las amenazas talibanes, por negar su educaci\u00f3n, para ocultar su nombre, utiliz\u00f3 el pseud\u00f3nimo Gul Makai.<\/p>\n<p>Su activismo, la ha llevado a ganar varios premios como el <strong>Premio Internacional de la Paz de los Ni\u00f1os<\/strong> en 2011 o el <strong>Premio Nacional de la Paz para J\u00f3venes de Pakist\u00e1n.<\/strong><\/p>\n<p><!--more--><\/p>\n<p><img loading=\"lazy\" decoding=\"async\" class=\"alignright size-full wp-image-597\" src=\"http:\/\/maralboran.eu\/coeducacion\/wp-content\/uploads\/sites\/6\/2018\/12\/images-1.jpeg\" alt=\"\" width=\"187\" height=\"270\" \/><\/p>\n<p>Despu\u00e9s de tanto tiempo desafiando al r\u00e9gimen talib\u00e1n, finalmente, el 9 de Octubre de 2012, volv\u00eda a casa en el autob\u00fas de la escuela, cuando un hombre enmascarado y con un arma irrumpi\u00f3 preguntando quien era Malala. Todo el mundo en el autob\u00fas la mir\u00f3, y el pistolero le dispar\u00f3 en el lado izquierdo de la frente, dej\u00e1ndola en estado cr\u00edtico. Fue trasladada a Birmingham, Inglaterra, donde <strong>consiguieron estabilizarla y salvar su vida<\/strong>.<\/p>\n<p>Actualmente <strong>es la persona m\u00e1s joven con un Premio Nobel<\/strong>, desde 2014, con tan solo 17 a\u00f1os, aunque en 2013 fue nominada, sin ganarlo.<\/p>\n<p>A d\u00eda de hoy sigue defendiendo los derechos a la educaci\u00f3n muy fuertemente, aunque no desde su pa\u00eds debido a que sigue amenazada, sin embargo, el 29 de marzo de 2018 regres\u00f3 a su pa\u00eds, 5 a\u00f1os despu\u00e9s del atentado sufrido.<\/p>\n<p>El Secretario General Ban Ki-moon pronunci\u00f3 el <strong>12 de Julio<\/strong>, el cumplea\u00f1os de Yousafzai, el <strong>\u00abD\u00eda de Malala\u00bb<\/strong> en honor al activismo del joven l\u00edder para garantizar la educaci\u00f3n infantil.<\/p>\n<p style=\"text-align: right\"><em>Realizado por David Ja\u00e9n S\u00e1nchez &#8211; 1\u00ba SMR<\/em><\/p>\n<p style=\"text-align: right\"><em>Curso 2018\/2019<\/em><\/p>\n\n\n<figure class=\"wp-block-image\"><img loading=\"lazy\" decoding=\"async\" width=\"1024\" height=\"724\" src=\"http:\/\/maralboran.eu\/coeducacion\/wp-content\/uploads\/sites\/6\/2019\/06\/Malala-DavidJaen-1024x724.jpeg\" alt=\"\" class=\"wp-image-894\" srcset=\"https:\/\/maralboran.eu\/coeducacion\/wp-content\/uploads\/sites\/6\/2019\/06\/Malala-DavidJaen-1024x724.jpeg 1024w, https:\/\/maralboran.eu\/coeducacion\/wp-content\/uploads\/sites\/6\/2019\/06\/Malala-DavidJaen-300x212.jpeg 300w, https:\/\/maralboran.eu\/coeducacion\/wp-content\/uploads\/sites\/6\/2019\/06\/Malala-DavidJaen-768x543.jpeg 768w, https:\/\/maralboran.eu\/coeducacion\/wp-content\/uploads\/sites\/6\/2019\/06\/Malala-DavidJaen-538x380.jpeg 538w, https:\/\/maralboran.eu\/coeducacion\/wp-content\/uploads\/sites\/6\/2019\/06\/Malala-DavidJaen.jpeg 1200w\" sizes=\"auto, (max-width: 1024px) 100vw, 1024px\" \/><\/figure>\n","protected":false},"excerpt":{"rendered":"<p>\u201cLos extremistas tem\u00edan a los libros y a los bol\u00edgrafos.\u00a0El poder de la educaci\u00f3n los asusta.\u00a0Tienen miedo de las mujeres &#8230; Vamos a recoger nuestros libros y bol\u00edgrafos.\u00a0Son nuestras armas m\u00e1s poderosas \u00ab. Malala naci\u00f3 en Mingora, Pakist\u00e1n el 12&#46;&#46;&#46;<\/p>\n","protected":false},"author":8,"featured_media":0,"comment_status":"closed","ping_status":"closed","sticky":false,"template":"","format":"standard","meta":{"_price":"","_stock":"","_tribe_ticket_header":"","_tribe_default_ticket_provider":"","_tribe_ticket_capacity":"","_ticket_start_date":"","_ticket_end_date":"","_tribe_ticket_show_description":"","_tribe_ticket_show_not_going":false,"_tribe_ticket_use_global_stock":"","_tribe_ticket_global_stock_level":"","_global_stock_mode":"","_global_stock_cap":"","_tribe_rsvp_for_event":"","_tribe_ticket_going_count":"","_tribe_ticket_not_going_count":"","_tribe_tickets_list":"[]","_tribe_ticket_has_attendee_info_fields":false,"_kadence_starter_templates_imported_post":false,"footnotes":""},"categories":[55,34],"tags":[36,35],"class_list":["post-578","post","type-post","status-publish","format-standard","hentry","category-11f-mujeres-steam","category-la-mujer-en-las-letras","tag-ferialetras","tag-malala"],"gutentor_comment":0,"featured_image_src":null,"featured_image_src_square":null,"author_info":{"display_name":"coeducacion","author_link":"https:\/\/maralboran.eu\/coeducacion\/author\/coeducacion\/"},"_links":{"self":[{"href":"https:\/\/maralboran.eu\/coeducacion\/wp-json\/wp\/v2\/posts\/578","targetHints":{"allow":["GET"]}}],"collection":[{"href":"https:\/\/maralboran.eu\/coeducacion\/wp-json\/wp\/v2\/posts"}],"about":[{"href":"https:\/\/maralboran.eu\/coeducacion\/wp-json\/wp\/v2\/types\/post"}],"author":[{"embeddable":true,"href":"https:\/\/maralboran.eu\/coeducacion\/wp-json\/wp\/v2\/users\/8"}],"replies":[{"embeddable":true,"href":"https:\/\/maralboran.eu\/coeducacion\/wp-json\/wp\/v2\/comments?post=578"}],"version-history":[{"count":0,"href":"https:\/\/maralboran.eu\/coeducacion\/wp-json\/wp\/v2\/posts\/578\/revisions"}],"wp:attachment":[{"href":"https:\/\/maralboran.eu\/coeducacion\/wp-json\/wp\/v2\/media?parent=578"}],"wp:term":[{"taxonomy":"category","embeddable":true,"href":"https:\/\/maralboran.eu\/coeducacion\/wp-json\/wp\/v2\/categories?post=578"},{"taxonomy":"post_tag","embeddable":true,"href":"https:\/\/maralboran.eu\/coeducacion\/wp-json\/wp\/v2\/tags?post=578"}],"curies":[{"name":"wp","href":"https:\/\/api.w.org\/{rel}","templated":true}]}}