{"id":364,"date":"2017-11-25T18:50:19","date_gmt":"2017-11-25T18:50:19","guid":{"rendered":"http:\/\/maralboran.eu\/coeducacion\/?p=364"},"modified":"2022-05-27T08:56:19","modified_gmt":"2022-05-27T08:56:19","slug":"25-noviembre-esta-temporada-no-te-vistas-de-violencia","status":"publish","type":"post","link":"https:\/\/maralboran.eu\/coeducacion\/2017\/11\/25\/25-noviembre-esta-temporada-no-te-vistas-de-violencia\/","title":{"rendered":"25 Noviembre &#8211; Esta temporada NO te vistas de Violencia"},"content":{"rendered":"<div><img loading=\"lazy\" decoding=\"async\" class=\"alignnone size-medium wp-image-367 aligncenter\" src=\"http:\/\/maralboran.eu\/coeducacion\/wp-content\/uploads\/sites\/6\/2018\/01\/lema-camisetas-300x211.png\" alt=\"\" width=\"300\" height=\"211\" srcset=\"https:\/\/maralboran.eu\/coeducacion\/wp-content\/uploads\/sites\/6\/2018\/01\/lema-camisetas-300x211.png 300w, https:\/\/maralboran.eu\/coeducacion\/wp-content\/uploads\/sites\/6\/2018\/01\/lema-camisetas-768x539.png 768w, https:\/\/maralboran.eu\/coeducacion\/wp-content\/uploads\/sites\/6\/2018\/01\/lema-camisetas-541x380.png 541w, https:\/\/maralboran.eu\/coeducacion\/wp-content\/uploads\/sites\/6\/2018\/01\/lema-camisetas.png 793w\" sizes=\"auto, (max-width: 300px) 100vw, 300px\" \/><\/div>\n<div><\/div>\n<div><\/div>\n<div>El 25 de Noviembre de 1960 las hermanas Patria, Minerva y Mar\u00eda Teresa Mirabal eran asesinadas en Rep\u00fablica Dominicana a causa de su ferviente oposici\u00f3n al r\u00e9gimen del dictador Le\u00f3nidas Trujillo. A ra\u00edz de este acontecimiento se celebra este d\u00eda cada a\u00f1o el D\u00eda Internacional contra la Violencia de G\u00e9nero.<\/div>\n<div><\/div>\n<p><!--more--><\/p>\n<div>Nuestro centro se suma como cada a\u00f1o a la celebraci\u00f3n de este d\u00eda. Este curso, desde nuestro Departamento de Convivencia y con la participaci\u00f3n activa de todos los planes y proyectos del centro, en especial Programa Aldea y Plan de Igualdad, se ha realizado una actividad bajo el lema \u201cEsta temporada NO te vistas de VIOLENCIA\u201d, en la que tanto el alumnado como el profesorado ha colaborado en la recogida y reutilizaci\u00f3n de camisetas y su posterior decoraci\u00f3n. Las camisetas decorar\u00e1n nuestro centro durante unos d\u00edas como ejemplo de condena hacia esta lacra social.<\/div>\n<div>Pasados estos d\u00edas, todas estas camisetas se donar\u00e1n a unos grandes almacenes con el fin de colaborar con el medio ambiente para su futura reutilizaci\u00f3n.<\/div>\n<div><\/div>\n<div><span style=\"color: #993366;\"><b><u>D\u00cd NO A LA VIOLENCIA DE G\u00c9NERO<\/u><\/b><\/span><\/div>\n","protected":false},"excerpt":{"rendered":"<p>El 25 de Noviembre de 1960 las hermanas Patria, Minerva y Mar\u00eda Teresa Mirabal eran asesinadas en Rep\u00fablica Dominicana a causa de su ferviente oposici\u00f3n al r\u00e9gimen del dictador Le\u00f3nidas Trujillo. A ra\u00edz de este acontecimiento se celebra este d\u00eda&#46;&#46;&#46;<\/p>\n","protected":false},"author":8,"featured_media":1335,"comment_status":"closed","ping_status":"closed","sticky":false,"template":"","format":"standard","meta":{"_price":"","_stock":"","_tribe_ticket_header":"","_tribe_default_ticket_provider":"","_tribe_ticket_capacity":"","_ticket_start_date":"","_ticket_end_date":"","_tribe_ticket_show_description":"","_tribe_ticket_show_not_going":false,"_tribe_ticket_use_global_stock":"","_tribe_ticket_global_stock_level":"","_global_stock_mode":"","_global_stock_cap":"","_tribe_rsvp_for_event":"","_tribe_ticket_going_count":"","_tribe_ticket_not_going_count":"","_tribe_tickets_list":"[]","_tribe_ticket_has_attendee_info_fields":false,"_kadence_starter_templates_imported_post":false,"footnotes":""},"categories":[53],"tags":[],"class_list":["post-364","post","type-post","status-publish","format-standard","has-post-thumbnail","hentry","category-25n-contra-violencia-machista"],"gutentor_comment":0,"featured_image_src":"https:\/\/maralboran.eu\/coeducacion\/wp-content\/uploads\/sites\/6\/2017\/11\/TEMPORADA-600x400.png","featured_image_src_square":"https:\/\/maralboran.eu\/coeducacion\/wp-content\/uploads\/sites\/6\/2017\/11\/TEMPORADA-600x500.png","author_info":{"display_name":"coeducacion","author_link":"https:\/\/maralboran.eu\/coeducacion\/author\/coeducacion\/"},"_links":{"self":[{"href":"https:\/\/maralboran.eu\/coeducacion\/wp-json\/wp\/v2\/posts\/364","targetHints":{"allow":["GET"]}}],"collection":[{"href":"https:\/\/maralboran.eu\/coeducacion\/wp-json\/wp\/v2\/posts"}],"about":[{"href":"https:\/\/maralboran.eu\/coeducacion\/wp-json\/wp\/v2\/types\/post"}],"author":[{"embeddable":true,"href":"https:\/\/maralboran.eu\/coeducacion\/wp-json\/wp\/v2\/users\/8"}],"replies":[{"embeddable":true,"href":"https:\/\/maralboran.eu\/coeducacion\/wp-json\/wp\/v2\/comments?post=364"}],"version-history":[{"count":0,"href":"https:\/\/maralboran.eu\/coeducacion\/wp-json\/wp\/v2\/posts\/364\/revisions"}],"wp:featuredmedia":[{"embeddable":true,"href":"https:\/\/maralboran.eu\/coeducacion\/wp-json\/wp\/v2\/media\/1335"}],"wp:attachment":[{"href":"https:\/\/maralboran.eu\/coeducacion\/wp-json\/wp\/v2\/media?parent=364"}],"wp:term":[{"taxonomy":"category","embeddable":true,"href":"https:\/\/maralboran.eu\/coeducacion\/wp-json\/wp\/v2\/categories?post=364"},{"taxonomy":"post_tag","embeddable":true,"href":"https:\/\/maralboran.eu\/coeducacion\/wp-json\/wp\/v2\/tags?post=364"}],"curies":[{"name":"wp","href":"https:\/\/api.w.org\/{rel}","templated":true}]}}