{"id":216,"date":"2016-11-25T08:39:15","date_gmt":"2016-11-25T08:39:15","guid":{"rendered":"http:\/\/maralboran.eu\/coeducacion\/?p=216"},"modified":"2022-01-24T12:16:30","modified_gmt":"2022-01-24T12:16:30","slug":"25n-dia-internacional-contra-la-violencia-de-genero","status":"publish","type":"post","link":"https:\/\/maralboran.eu\/coeducacion\/2016\/11\/25\/25n-dia-internacional-contra-la-violencia-de-genero\/","title":{"rendered":"25N D\u00eda internacional contra la violencia de g\u00e9nero"},"content":{"rendered":"<p><a href=\"http:\/\/www.maralboran.com\/principal\/25n-dia-internacional-contra-la-violencia-de-genero\/miniatura-blog-4\/\" rel=\"attachment wp-att-3937\"><img loading=\"lazy\" decoding=\"async\" class=\"wp-image-3937 aligncenter\" src=\"http:\/\/www.maralboran.com\/principal\/wp-content\/uploads\/2016\/11\/Miniatura-blog-1.png\" alt=\"miniatura-blog\" width=\"542\" height=\"253\" \/><\/a><\/p>\n<p>Como cada a\u00f1o, nuestro\u00a0centro ha celebrado el D\u00eda Internacional contra la Violencia de G\u00e9nero.<\/p>\n<p style=\"text-align: justify;\">El pasado viernes 25 de noviembre se desplegaron en los m\u00f3dulos 1 y 2 de nuestro centro dos lazos morados de gran tama\u00f1o con el prop\u00f3sito de conmemorar este d\u00eda tan se\u00f1alado y as\u00ed dejar constancia de la repulsa de toda nuestra comunidad educativa ante esta lacra social que se sigue cobrando un gran n\u00famero de v\u00edctimas cada a\u00f1o.<\/p>\n<p style=\"text-align: justify;\">Durante todo el mes de noviembre, nuestro alumnado de la E.S.O. trabaj\u00f3 en la elaboraci\u00f3n de mensajes que recog\u00edan reflexiones y mensajes sobre el tema y que est\u00e1n expuestos junto a los lazos.<\/p>\n<p style=\"text-align: justify;\">Igualmente, a las 12 de ese mismo d\u00eda, todas las personas que se encontraban en el centro a esa hora guardamos un minuto de silencio por las 40 v\u00edctimas mortales que ya se suman en este 2016.<\/p>\n<p style=\"text-align: justify;\"><a href=\"http:\/\/www.maralboran.com\/images\/#\/Curso%202016-2017\/coeducacion\/25N\/\">VER GALER\u00cdA<\/a><\/p>\n","protected":false},"excerpt":{"rendered":"<p>Como cada a\u00f1o, nuestro\u00a0centro ha celebrado el D\u00eda Internacional contra la Violencia de G\u00e9nero. El pasado viernes 25 de noviembre se desplegaron en los m\u00f3dulos 1 y 2 de nuestro centro dos lazos morados de gran tama\u00f1o con el prop\u00f3sito&#46;&#46;&#46;<\/p>\n","protected":false},"author":1,"featured_media":0,"comment_status":"closed","ping_status":"closed","sticky":false,"template":"","format":"standard","meta":{"_price":"","_stock":"","_tribe_ticket_header":"","_tribe_default_ticket_provider":"","_tribe_ticket_capacity":"","_ticket_start_date":"","_ticket_end_date":"","_tribe_ticket_show_description":"","_tribe_ticket_show_not_going":false,"_tribe_ticket_use_global_stock":"","_tribe_ticket_global_stock_level":"","_global_stock_mode":"","_global_stock_cap":"","_tribe_rsvp_for_event":"","_tribe_ticket_going_count":"","_tribe_ticket_not_going_count":"","_tribe_tickets_list":"[]","_tribe_ticket_has_attendee_info_fields":false,"_kadence_starter_templates_imported_post":false,"footnotes":""},"categories":[53,7],"tags":[],"class_list":["post-216","post","type-post","status-publish","format-standard","hentry","category-25n-contra-violencia-machista","category-noticias"],"gutentor_comment":0,"featured_image_src":null,"featured_image_src_square":null,"author_info":{"display_name":"administrador","author_link":"https:\/\/maralboran.eu\/coeducacion\/author\/administrador\/"},"_links":{"self":[{"href":"https:\/\/maralboran.eu\/coeducacion\/wp-json\/wp\/v2\/posts\/216","targetHints":{"allow":["GET"]}}],"collection":[{"href":"https:\/\/maralboran.eu\/coeducacion\/wp-json\/wp\/v2\/posts"}],"about":[{"href":"https:\/\/maralboran.eu\/coeducacion\/wp-json\/wp\/v2\/types\/post"}],"author":[{"embeddable":true,"href":"https:\/\/maralboran.eu\/coeducacion\/wp-json\/wp\/v2\/users\/1"}],"replies":[{"embeddable":true,"href":"https:\/\/maralboran.eu\/coeducacion\/wp-json\/wp\/v2\/comments?post=216"}],"version-history":[{"count":0,"href":"https:\/\/maralboran.eu\/coeducacion\/wp-json\/wp\/v2\/posts\/216\/revisions"}],"wp:attachment":[{"href":"https:\/\/maralboran.eu\/coeducacion\/wp-json\/wp\/v2\/media?parent=216"}],"wp:term":[{"taxonomy":"category","embeddable":true,"href":"https:\/\/maralboran.eu\/coeducacion\/wp-json\/wp\/v2\/categories?post=216"},{"taxonomy":"post_tag","embeddable":true,"href":"https:\/\/maralboran.eu\/coeducacion\/wp-json\/wp\/v2\/tags?post=216"}],"curies":[{"name":"wp","href":"https:\/\/api.w.org\/{rel}","templated":true}]}}