{"id":1782,"date":"2025-05-08T08:19:29","date_gmt":"2025-05-08T08:19:29","guid":{"rendered":"https:\/\/maralboran.eu\/coeducacion\/?p=1782"},"modified":"2025-05-08T08:20:46","modified_gmt":"2025-05-08T08:20:46","slug":"ana-orantes-el-caso-que-cambio-para-siempre-las-leyes-contra-la-violencia-de-genero-en-espana","status":"publish","type":"post","link":"https:\/\/maralboran.eu\/coeducacion\/2025\/05\/08\/ana-orantes-el-caso-que-cambio-para-siempre-las-leyes-contra-la-violencia-de-genero-en-espana\/","title":{"rendered":"Ana Orantes, el caso que cambi\u00f3 para siempre las leyes contra la violencia de g\u00e9nero en Espa\u00f1a"},"content":{"rendered":"\n<figure class=\"wp-block-image size-full\"><img loading=\"lazy\" decoding=\"async\" width=\"970\" height=\"550\" src=\"https:\/\/maralboran.eu\/coeducacion\/wp-content\/uploads\/sites\/6\/2024\/12\/Ana-Orantes.png\" alt=\"\" class=\"wp-image-1936\" srcset=\"https:\/\/maralboran.eu\/coeducacion\/wp-content\/uploads\/sites\/6\/2024\/12\/Ana-Orantes.png 970w, https:\/\/maralboran.eu\/coeducacion\/wp-content\/uploads\/sites\/6\/2024\/12\/Ana-Orantes-300x170.png 300w, https:\/\/maralboran.eu\/coeducacion\/wp-content\/uploads\/sites\/6\/2024\/12\/Ana-Orantes-768x435.png 768w\" sizes=\"auto, (max-width: 970px) 100vw, 970px\" \/><figcaption class=\"wp-element-caption\">Fuentes: <a href=\"https:\/\/www.newtral.es\/quien-es-ana-orantes-ley-violencia-genero\/20221122\/\">www.tribunasalamanca.com<\/a> y <a href=\"https:\/\/pixabay.com\/es\/\" data-type=\"link\" data-id=\"https:\/\/pixabay.com\/es\/\">Pixabay<\/a><\/figcaption><\/figure>\n\n\n\n<p><\/p>\n\n\n\n<p>El feminicidio de Ana Orantes marc\u00f3 un antes y un despu\u00e9s en la historia espa\u00f1ola e impuls\u00f3 cambios en la legislaci\u00f3n, dando como resultado entre otras cosas la publicaci\u00f3n de la <strong>ley integral contra la violencia de g\u00e9nero<\/strong>.<\/p>\n<p>Ana Orantes relat\u00f3 su historia ante televisi\u00f3n, habl\u00f3 de los 40 a\u00f1os de matrimonio que vivi\u00f3 sufriendo malos tratos, sobre las 40 denuncias que no llegaron a nada y hasta un intento de separaci\u00f3n que fue denegado por un juez. Ana Orantes busc\u00f3 ayuda para escapar de su maltratador pero para la sociedad y legislaci\u00f3n espa\u00f1ola de aquellos tiempos esto no era un problema real.<\/p>\n<blockquote>\n<p><strong><span style=\"color: #333399\"><span style=\"color: #8955bd\"><i>\u201cSi alguien se pregunta qui\u00e9n es Ana Orantes, debe saber que fue la mujer que cambi\u00f3 la historia de Espa\u00f1a\u201d &#8211; Raquel Orantes.<\/i><\/span><\/span><\/strong><\/p>\n<\/blockquote>\n<p>En marzo de 1998, se aprob\u00f3 el <strong>primer plan de acci\u00f3n contra la violencia dom\u00e9stica<\/strong>.<b><\/b><\/p>\n<p>En el a\u00f1o 1999, se modific\u00f3 el <strong>C\u00f3digo Penal<\/strong> considerando a la <strong>violencia psicol\u00f3gica como maltrato dom\u00e9stico<\/strong>. Se endurecieron las penas para los agresores, se introdujeron agravantes por violencia de g\u00e9nero y se mejor\u00f3 la protecci\u00f3n a las v\u00edctimas.<\/p>\n<p>Tambi\u00e9n se reform\u00f3 la <strong>Ley de enjuiciamiento criminal<\/strong> para que las v\u00edctimas de malos tratos no tuvieran la\u00a0 necesidad de denunciar. <b>El <\/b><strong>art\u00edculo 48 del C\u00f3digo Penal<\/strong> fue modificado, a\u00f1adiendo la prohibici\u00f3n de que el agresor pudiera acercarse o comunicarse con la v\u00edctima y familiares.<\/p>\n<p>\u00a0<\/p>\n<div id=\"attachment_2068\" style=\"width: 488px\" class=\"wp-caption aligncenter\"><img loading=\"lazy\" decoding=\"async\" aria-describedby=\"caption-attachment-2068\" class=\"wp-image-2068\" src=\"https:\/\/maralboran.eu\/coeducacion\/wp-content\/uploads\/sites\/6\/2024\/12\/violencia-de-genero-1280x640-1-92314045-300x150.jpg\" alt=\"\" width=\"478\" height=\"239\" srcset=\"https:\/\/maralboran.eu\/coeducacion\/wp-content\/uploads\/sites\/6\/2024\/12\/violencia-de-genero-1280x640-1-92314045-300x150.jpg 300w, https:\/\/maralboran.eu\/coeducacion\/wp-content\/uploads\/sites\/6\/2024\/12\/violencia-de-genero-1280x640-1-92314045-1024x512.jpg 1024w, https:\/\/maralboran.eu\/coeducacion\/wp-content\/uploads\/sites\/6\/2024\/12\/violencia-de-genero-1280x640-1-92314045-768x384.jpg 768w, https:\/\/maralboran.eu\/coeducacion\/wp-content\/uploads\/sites\/6\/2024\/12\/violencia-de-genero-1280x640-1-92314045.jpg 1280w\" sizes=\"auto, (max-width: 478px) 100vw, 478px\" \/><p id=\"caption-attachment-2068\" class=\"wp-caption-text\">Fuente: <a href=\"https:\/\/web2.fenpruss.cl\">https:\/\/web2.fenpruss.cl<\/a><\/p><\/div>\n<p>En 2002, el PSOE registr\u00f3 una proposici\u00f3n de <strong>ley contra la violencia de g\u00e9nero, pero no fue admitida<\/strong> a tr\u00e1mite por los votos en contra del Partido Popular, que gobernaba en aquel momento.<\/p>\n<p>En el a\u00f1o 2003, se acept\u00f3 la <strong>Ley reguladora de la Orden de protecci\u00f3n de las v\u00edctimas de la violencia dom\u00e9stica<\/strong>.<\/p>\n<p>En el a\u00f1o 2004 se acept\u00f3 la <strong>Ley integral contra la violencia de g\u00e9nero<\/strong> por el Gobierno de Jos\u00e9 Luis Rodr\u00edguez Zapatero.<\/p>\n<p class=\"\" data-start=\"457\" data-end=\"725\">La<strong data-start=\"459\" data-end=\"547\"> Ley Org\u00e1nica 1\/2004, de Medidas de Protecci\u00f3n Integral contra la Violencia de G\u00e9nero <\/strong>creada durante el gobierno de Jos\u00e9 Luis Rodr\u00edguez Zapatero, aprobada en diciembre de 2004, fue una de las m\u00e1s ambiciosas de Europa y directamente consecuencia de la presi\u00f3n social tras casos como el de Ana Orantes. Esta ley incluye:<\/p>\n<ul data-start=\"726\" data-end=\"995\">\n<li class=\"\" data-start=\"726\" data-end=\"791\">\n<p class=\"\" data-start=\"728\" data-end=\"791\">Medidas judiciales, penales, educativas y de sensibilizaci\u00f3n.<\/p>\n<\/li>\n<li class=\"\" data-start=\"792\" data-end=\"860\">\n<p class=\"\" data-start=\"794\" data-end=\"860\">Creaci\u00f3n de juzgados especializados en violencia sobre la mujer.<\/p>\n<\/li>\n<li class=\"\" data-start=\"861\" data-end=\"905\">\n<p class=\"\" data-start=\"863\" data-end=\"905\">\u00d3rdenes de protecci\u00f3n para las v\u00edctimas.<\/p>\n<\/li>\n<li class=\"\" data-start=\"906\" data-end=\"954\">\n<p class=\"\" data-start=\"908\" data-end=\"954\">Protocolos de atenci\u00f3n policial y sanitaria.<\/p>\n<\/li>\n<li class=\"\" data-start=\"955\" data-end=\"995\">\n<p class=\"\" data-start=\"957\" data-end=\"995\">Campa\u00f1as p\u00fablicas de concienciaci\u00f3n.<\/p>\n<\/li>\n<\/ul>\n<blockquote>\n<p><strong><span style=\"color: #8955bd\"><i>\u201cEs importante saber qui\u00e9n es Ana Orantes porque su caso fue el germen para el dise\u00f1o de la ley de violencia de g\u00e9nero, aprobada en 2004\u201d &#8211; <\/i>Mar\u00eda Acale<\/span><\/strong><\/p>\n<\/blockquote>\n\n\n\n<p>Tras de asesinato de Ana Orantes, los medios de comunicaci\u00f3n empezaron a tratar estos cr\u00edmenes como violencia de g\u00e9nero, no como \u201ccr\u00edmenes pasionales\u201d y la sociedad comenz\u00f3 a exigir m\u00e1s compromiso institucional.\u00a0<\/p>\n<p>El asesinato de Ana Orantes no solo conmocion\u00f3 a la sociedad espa\u00f1ola, sino que actu\u00f3 como un catalizador imprescindible para transformar las leyes y pol\u00edticas contra la violencia de g\u00e9nero en el pa\u00eds. Gracias a su valent\u00eda al denunciar p\u00fablicamente los abusos sufridos, se encendi\u00f3 un debate social que desemboc\u00f3 en avances legislativos hist\u00f3ricos, como la <strong>Ley Integral contra la Violencia de G\u00e9nero de 2004<\/strong>, la creaci\u00f3n de <strong>juzgados especializados,<\/strong> y una <strong>mayor protecci\u00f3n y visibilidad para las v\u00edctimas<\/strong>. Hoy, aunque todav\u00eda queda mucho camino por recorrer, el legado de Ana Orantes sigue vivo como un recordatorio de que la lucha contra la violencia machista requiere un compromiso firme y continuo por parte de toda la sociedad y de las instituciones.<\/p>\n<p><strong>Bibliograf\u00eda<\/strong><\/p>\n<p>\u00a0<a href=\"https:\/\/www.newtral.es\/quien-es-ana-orantes-ley-violencia-genero\/20221122\">https:\/\/www.newtral.es\/quien-es-ana-orantes-ley-violencia-genero\/20221122<\/a><\/p>\n\n\n\n<p><a href=\"https:\/\/www.ondacero.es\/noticias\/sociedad\/25-anos-asesinato-ana-orantes-crimen-machista-que-cambio-todo_20221217639dde274954a50001c94a5b.html\">https:\/\/www.ondacero.es\/noticias\/sociedad\/25-anos-asesinato-ana-orantes-crimen-machista-que-cambio-todo_20221217639dde274954a50001c94a5b.html<\/a><\/p>\n","protected":false},"excerpt":{"rendered":"<p>El feminicidio de Ana Orantes marc\u00f3 un antes y un despu\u00e9s en la historia espa\u00f1ola e impuls\u00f3 cambios en la legislaci\u00f3n, dando como resultado entre otras cosas la publicaci\u00f3n de la ley integral contra la violencia de g\u00e9nero. Ana Orantes&#46;&#46;&#46;<\/p>\n","protected":false},"author":28,"featured_media":1936,"comment_status":"closed","ping_status":"closed","sticky":false,"template":"","format":"standard","meta":{"_price":"","_stock":"","_tribe_ticket_header":"","_tribe_default_ticket_provider":"","_tribe_ticket_capacity":"","_ticket_start_date":"","_ticket_end_date":"","_tribe_ticket_show_description":"","_tribe_ticket_show_not_going":false,"_tribe_ticket_use_global_stock":"","_tribe_ticket_global_stock_level":"","_global_stock_mode":"","_global_stock_cap":"","_tribe_rsvp_for_event":"","_tribe_ticket_going_count":"","_tribe_ticket_not_going_count":"","_tribe_tickets_list":"[]","_tribe_ticket_has_attendee_info_fields":false,"_kadence_starter_templates_imported_post":false,"footnotes":""},"categories":[53,76],"tags":[],"class_list":["post-1782","post","type-post","status-publish","format-standard","has-post-thumbnail","hentry","category-25n-contra-violencia-machista","category-25n-ana-orantes"],"gutentor_comment":0,"featured_image_src":"https:\/\/maralboran.eu\/coeducacion\/wp-content\/uploads\/sites\/6\/2024\/12\/Ana-Orantes-600x400.png","featured_image_src_square":"https:\/\/maralboran.eu\/coeducacion\/wp-content\/uploads\/sites\/6\/2024\/12\/Ana-Orantes-600x550.png","author_info":{"display_name":"geografia","author_link":"https:\/\/maralboran.eu\/coeducacion\/author\/geografia\/"},"_links":{"self":[{"href":"https:\/\/maralboran.eu\/coeducacion\/wp-json\/wp\/v2\/posts\/1782","targetHints":{"allow":["GET"]}}],"collection":[{"href":"https:\/\/maralboran.eu\/coeducacion\/wp-json\/wp\/v2\/posts"}],"about":[{"href":"https:\/\/maralboran.eu\/coeducacion\/wp-json\/wp\/v2\/types\/post"}],"author":[{"embeddable":true,"href":"https:\/\/maralboran.eu\/coeducacion\/wp-json\/wp\/v2\/users\/28"}],"replies":[{"embeddable":true,"href":"https:\/\/maralboran.eu\/coeducacion\/wp-json\/wp\/v2\/comments?post=1782"}],"version-history":[{"count":0,"href":"https:\/\/maralboran.eu\/coeducacion\/wp-json\/wp\/v2\/posts\/1782\/revisions"}],"wp:featuredmedia":[{"embeddable":true,"href":"https:\/\/maralboran.eu\/coeducacion\/wp-json\/wp\/v2\/media\/1936"}],"wp:attachment":[{"href":"https:\/\/maralboran.eu\/coeducacion\/wp-json\/wp\/v2\/media?parent=1782"}],"wp:term":[{"taxonomy":"category","embeddable":true,"href":"https:\/\/maralboran.eu\/coeducacion\/wp-json\/wp\/v2\/categories?post=1782"},{"taxonomy":"post_tag","embeddable":true,"href":"https:\/\/maralboran.eu\/coeducacion\/wp-json\/wp\/v2\/tags?post=1782"}],"curies":[{"name":"wp","href":"https:\/\/api.w.org\/{rel}","templated":true}]}}