{"id":1740,"date":"2025-05-08T07:45:53","date_gmt":"2025-05-08T07:45:53","guid":{"rendered":"https:\/\/maralboran.eu\/coeducacion\/?p=1740"},"modified":"2025-05-08T07:52:08","modified_gmt":"2025-05-08T07:52:08","slug":"ana-orantes-espacios-publicos-que-honran-su-memoria","status":"publish","type":"post","link":"https:\/\/maralboran.eu\/coeducacion\/2025\/05\/08\/ana-orantes-espacios-publicos-que-honran-su-memoria\/","title":{"rendered":"Ana Orantes, Espacios P\u00fablicos que Honran su Memoria"},"content":{"rendered":"\n<figure class=\"wp-block-image size-large\"><img loading=\"lazy\" decoding=\"async\" width=\"1024\" height=\"277\" src=\"https:\/\/maralboran.eu\/coeducacion\/wp-content\/uploads\/sites\/6\/2024\/11\/Ana-Orantes-1920x520-1-1024x277.jpg\" alt=\"\" class=\"wp-image-1800\" srcset=\"https:\/\/maralboran.eu\/coeducacion\/wp-content\/uploads\/sites\/6\/2024\/11\/Ana-Orantes-1920x520-1-1024x277.jpg 1024w, https:\/\/maralboran.eu\/coeducacion\/wp-content\/uploads\/sites\/6\/2024\/11\/Ana-Orantes-1920x520-1-300x81.jpg 300w, https:\/\/maralboran.eu\/coeducacion\/wp-content\/uploads\/sites\/6\/2024\/11\/Ana-Orantes-1920x520-1-768x208.jpg 768w, https:\/\/maralboran.eu\/coeducacion\/wp-content\/uploads\/sites\/6\/2024\/11\/Ana-Orantes-1920x520-1-1536x416.jpg 1536w, https:\/\/maralboran.eu\/coeducacion\/wp-content\/uploads\/sites\/6\/2024\/11\/Ana-Orantes-1920x520-1.jpg 1920w\" sizes=\"auto, (max-width: 1024px) 100vw, 1024px\" \/><figcaption class=\"wp-element-caption\"><a href=\"https:\/\/www.newtral.es\/ana-orantes-memoria-calles-rotondas-espacios-publicos\/20220419\/\">Varios municipios de Espa\u00f1a han rebautizado sus calles con el nombre de Ana Orantes | Collage de Sof\u00eda Villafa\u00f1e (Newtral)<\/a><br><\/figcaption><\/figure>\n\n\n\n<p>\u00a0<\/p>\n<p><span style=\"font-weight: 400\">En memoria de <strong>Ana Orantes<\/strong>, muchos municipios de Espa\u00f1a han se\u00f1alizado <strong>calles<\/strong> con su nombre, <strong>estructuras<\/strong> en homenaje a ella y <strong>parques<\/strong> <strong>naturales<\/strong> dedicados a su memoria, logrando todo lo contrario a lo que quiso <strong>Jos\u00e9 Parejo<\/strong>, el exmarido y asesino de Ana Orantes, quien intent\u00f3 silenciar los hechos que ocurrieron con su asesinato.<\/span><\/p>\n<blockquote>\n<p><strong>\u201cEl asesino de mi madre quer\u00eda que Ana Orantes desapareciese, quer\u00eda silenciarla y que no se la recordara, por eso romp\u00eda hasta sus fotos. Pero ahora hay calles que honran su memoria\u201d, Raquel Orantes.<\/strong><\/p>\n<\/blockquote>\n<p><span style=\"font-weight: 400\"><strong>Sevilla <\/strong>fue la primera provincia Andaluza la cual rindi\u00f3 homenaje a <strong>Ana Orantes<\/strong>, incluy\u00e9ndola en una de sus <strong>calles<\/strong> en marzo de 2019. La placa va acompa\u00f1ada de una <strong>imagen<\/strong> de Ana durante su intervenci\u00f3n en <strong>televisi\u00f3n<\/strong>.<\/span><\/p>\n\n\n<div class=\"wp-block-image\">\n<figure class=\"aligncenter size-full\"><img loading=\"lazy\" decoding=\"async\" width=\"597\" height=\"331\" src=\"https:\/\/maralboran.eu\/coeducacion\/wp-content\/uploads\/sites\/6\/2024\/11\/image-5.png\" alt=\"\" class=\"wp-image-1883\" srcset=\"https:\/\/maralboran.eu\/coeducacion\/wp-content\/uploads\/sites\/6\/2024\/11\/image-5.png 597w, https:\/\/maralboran.eu\/coeducacion\/wp-content\/uploads\/sites\/6\/2024\/11\/image-5-300x166.png 300w\" sizes=\"auto, (max-width: 597px) 100vw, 597px\" \/><figcaption class=\"wp-element-caption\"><a href=\"https:\/\/www.canalsur.es\/noticias\/andalucia\/sevilla\/calle-de-ana-orantes-la-primera-dedicada-a-una-victima-de-la-violencia-machista\/1407708.html\">Calle de Ana Orantes: la primera dedicada a una v\u00edctima de la violencia machista<\/a><\/figcaption><\/figure>\n<\/div>\n\n\n<p><span style=\"font-weight: 400\">En <strong>Granada<\/strong>, a cuatro kil\u00f3metros de donde naci\u00f3 Ana Orantes, un <strong>parque<\/strong> lleva su nombre. <strong>El Parque Ana Orantes<\/strong>, inaugurado a finales de 2021, est\u00e1 localizado en el entorno del <strong>Parque Tecnol\u00f3gico de la Salud<\/strong>, entre la Avenida del Conocimiento y la A-44 Sierra Nevada-Costa Tropical.<\/span><\/p>\n\n\n<p><!-- \/wp:post-content --><\/p>\n<p><!-- wp:image {\"id\":1819,\"sizeSlug\":\"full\",\"linkDestination\":\"none\",\"align\":\"center\"} --><\/p>\n<figure class=\"wp-block-image aligncenter size-full\"><img loading=\"lazy\" decoding=\"async\" width=\"601\" height=\"158\" class=\"wp-image-1819\" src=\"https:\/\/maralboran.eu\/coeducacion\/wp-content\/uploads\/sites\/6\/2024\/11\/Captura-desde-2024-11-28-10-34-47.png\" alt=\"\" srcset=\"https:\/\/maralboran.eu\/coeducacion\/wp-content\/uploads\/sites\/6\/2024\/11\/Captura-desde-2024-11-28-10-34-47.png 601w, https:\/\/maralboran.eu\/coeducacion\/wp-content\/uploads\/sites\/6\/2024\/11\/Captura-desde-2024-11-28-10-34-47-300x79.png 300w\" sizes=\"auto, (max-width: 601px) 100vw, 601px\" \/>\n<figcaption class=\"wp-element-caption\"><a href=\"https:\/\/www.granadahoy.com\/granada\/Ayuntamiento-Granada-Ana-Orantes-PTS_0_1633337187.html\">Parque inaugurado en memoria de Ana Orantes<\/a><\/figcaption>\n<\/figure>\n<p><!-- \/wp:image --><\/p>\n<p><!-- wp:tadv\/classic-paragraph --><\/p>\n<p><span style=\"font-weight: 400\">En la provincia de <strong>Granada<\/strong> hay otros tres lugares dedicados a la memoria de <strong>Ana Orantes<\/strong>. Dos de ellos est\u00e1n localizados en <strong>C\u00fallar Vega<\/strong>, donde fue <strong>asesinada<\/strong>. Aqu\u00ed se encuentra un monolito que se inaugur\u00f3 en 2004 y que, adem\u00e1s de estar dedicado a Ana Orantes, rinde homenaje a otra mujer llamada <strong>Encarnaci\u00f3n Rubio,<\/strong> la cual tambi\u00e9n fue asesinada por violencia dom\u00e9stica despu\u00e9s de que su marido la atropellase hasta en 5 ocasiones.<\/span><\/p>\n<p><!-- \/wp:tadv\/classic-paragraph --><\/p>\n<p><!-- wp:image {\"id\":1832,\"sizeSlug\":\"full\",\"linkDestination\":\"none\",\"align\":\"center\"} --><\/p>\n<figure class=\"wp-block-image aligncenter size-full\"><img loading=\"lazy\" decoding=\"async\" width=\"597\" height=\"316\" class=\"wp-image-1832\" src=\"https:\/\/maralboran.eu\/coeducacion\/wp-content\/uploads\/sites\/6\/2024\/11\/image-2.png\" alt=\"\" srcset=\"https:\/\/maralboran.eu\/coeducacion\/wp-content\/uploads\/sites\/6\/2024\/11\/image-2.png 597w, https:\/\/maralboran.eu\/coeducacion\/wp-content\/uploads\/sites\/6\/2024\/11\/image-2-300x159.png 300w\" sizes=\"auto, (max-width: 597px) 100vw, 597px\" \/>\n<figcaption class=\"wp-element-caption\"><a href=\"https:\/\/www.newtral.es\/ana-orantes-memoria-calles-rotondas-espacios-publicos\/20220419\/\">Monolito en C\u00fallar Vega (Granada) en memoria de Ana Orantes y de Encarnaci\u00f3n Rubio | Ayuntamiento de C\u00fallar Vega<\/a><\/figcaption>\n<\/figure>\n<p><!-- \/wp:image --><\/p>\n<p><!-- wp:tadv\/classic-paragraph --><\/p>\n<p><span style=\"font-weight: 400\"><strong>San Javier<\/strong> dedica una <strong>plaza<\/strong> a la Igualdad y en memoria de las v\u00edctimas de <strong>violencia machista.<\/strong> Esta<\/span><span style=\"font-weight: 400\"> es la primera plaza dedicada a la Igualdad en la Regi\u00f3n de Murcia a la que da nombre Ana Orantes. La plaza est\u00e1 formada por tres <strong>grupos escult\u00f3ricos<\/strong> realizados en madera policromada que invitan a reflexionar sobre la <strong>igualdad<\/strong> y la <strong>violencia de g\u00e9nero.<\/strong><\/span><\/p>\n<p><!-- \/wp:tadv\/classic-paragraph --><\/p>\n<p><!-- wp:image {\"id\":1830,\"sizeSlug\":\"full\",\"linkDestination\":\"none\",\"align\":\"center\"} --><\/p>\n<figure class=\"wp-block-image aligncenter size-full\"><img loading=\"lazy\" decoding=\"async\" class=\"alignnone wp-image-1979 \" src=\"https:\/\/maralboran.eu\/coeducacion\/wp-content\/uploads\/sites\/6\/2024\/12\/Captura-desde-2024-12-02-13-24-59-300x129.png\" alt=\"\" width=\"939\" height=\"404\" srcset=\"https:\/\/maralboran.eu\/coeducacion\/wp-content\/uploads\/sites\/6\/2024\/12\/Captura-desde-2024-12-02-13-24-59-300x129.png 300w, https:\/\/maralboran.eu\/coeducacion\/wp-content\/uploads\/sites\/6\/2024\/12\/Captura-desde-2024-12-02-13-24-59-1024x441.png 1024w, https:\/\/maralboran.eu\/coeducacion\/wp-content\/uploads\/sites\/6\/2024\/12\/Captura-desde-2024-12-02-13-24-59-768x330.png 768w, https:\/\/maralboran.eu\/coeducacion\/wp-content\/uploads\/sites\/6\/2024\/12\/Captura-desde-2024-12-02-13-24-59-1536x661.png 1536w, https:\/\/maralboran.eu\/coeducacion\/wp-content\/uploads\/sites\/6\/2024\/12\/Captura-desde-2024-12-02-13-24-59.png 1862w\" sizes=\"auto, (max-width: 939px) 100vw, 939px\" \/><a href=\"https:\/\/sumaporlaigualdad.sanjavier.es\/eventos\/inauguracion-plaza-de-la-igualdad-ana-orantes\/\">Inauguraci\u00f3n de la Plaza de la Igualdad Ana Orantes.<\/a><\/figure>\n<p><!-- \/wp:image --><\/p>\n<p><!-- wp:tadv\/classic-paragraph --><\/p>\n<p><!-- wp:image --><\/p>\n<p><!-- \/wp:image --><\/p>\n<p><!-- \/wp:tadv\/classic-paragraph --><\/p>\n<p><span style=\"font-weight: 400\">En <strong>C\u00e1diz<\/strong>, se inaugur\u00f3 una <strong>glorieta<\/strong> dedicada a <strong>Ana Orantes.<\/strong><\/span><!-- \/wp:image --><\/p>\n<p><!-- wp:image --><\/p>\n<p><!-- \/wp:tadv\/classic-paragraph --><\/p>\n<p><!-- wp:image {\"id\":1827,\"sizeSlug\":\"full\",\"linkDestination\":\"none\",\"align\":\"center\"} --><\/p>\n<figure class=\"wp-block-image aligncenter size-full\"><img loading=\"lazy\" decoding=\"async\" width=\"597\" height=\"372\" class=\"wp-image-1827\" src=\"https:\/\/maralboran.eu\/coeducacion\/wp-content\/uploads\/sites\/6\/2024\/11\/Captura-desde-2024-11-28-10-41-25.png\" alt=\"\" srcset=\"https:\/\/maralboran.eu\/coeducacion\/wp-content\/uploads\/sites\/6\/2024\/11\/Captura-desde-2024-11-28-10-41-25.png 597w, https:\/\/maralboran.eu\/coeducacion\/wp-content\/uploads\/sites\/6\/2024\/11\/Captura-desde-2024-11-28-10-41-25-300x187.png 300w\" sizes=\"auto, (max-width: 597px) 100vw, 597px\" \/>\n<figcaption class=\"wp-element-caption\"><a href=\"https:\/\/www.elindependientedegranada.es\/ciudadania\/quienes-niegan-violencia-machista-les-digo-soy-raquel-orantes-hija-ana-orantes-que-fue\"><em>Glorieta dedicada a Ana Orantes inaugurada recientemente en C\u00e1diz.<\/em><\/a><\/figcaption>\n<\/figure>\n<p><!-- \/wp:image --><\/p>\n<p><!-- wp:tadv\/classic-paragraph --><\/p>\n<blockquote>\n<p><strong>Raquel Orantes: \u201cTodas los espacios p\u00fablicos que le han dedicado recuerdan que mi madre dej\u00f3 huella con su testimonio. Es muy emocionante, para m\u00ed como hija, ver que su nombre sigue tan vivo y tan presente\u201d<\/strong><\/p>\n<\/blockquote>\n<p><span style=\"font-weight: 400\">El <strong>22 y 23 de octubre<\/strong> de 2024, se llev\u00f3 a cabo por <strong>tercer<\/strong> <strong>a\u00f1o<\/strong> <strong>consecutivo<\/strong> la formaci\u00f3n en Igualdad <strong>\u201cAna Orantes\u201d<\/strong>, dedicada a la <strong>ciberviolencia<\/strong>. Esta iniciativa fue organizada por el Ayuntamiento de C\u00fallar Vega.<\/span><\/p>\n<p><!-- wp:image --><\/p>\n<p><!-- \/wp:image --><\/p>\n<p><!-- \/wp:tadv\/classic-paragraph --><\/p>\n<p><!-- wp:image {\"id\":1839,\"sizeSlug\":\"full\",\"linkDestination\":\"none\",\"align\":\"center\"} --><\/p>\n<figure class=\"wp-block-image aligncenter size-full\"><img loading=\"lazy\" decoding=\"async\" width=\"529\" height=\"652\" class=\"wp-image-1839\" src=\"https:\/\/maralboran.eu\/coeducacion\/wp-content\/uploads\/sites\/6\/2024\/11\/Captura-desde-2024-11-28-10-46-34.png\" alt=\"\" srcset=\"https:\/\/maralboran.eu\/coeducacion\/wp-content\/uploads\/sites\/6\/2024\/11\/Captura-desde-2024-11-28-10-46-34.png 529w, https:\/\/maralboran.eu\/coeducacion\/wp-content\/uploads\/sites\/6\/2024\/11\/Captura-desde-2024-11-28-10-46-34-243x300.png 243w\" sizes=\"auto, (max-width: 529px) 100vw, 529px\" \/>\n<figcaption class=\"wp-element-caption\"><a href=\"https:\/\/www.cullarvega.com\/la-iii-escuela-de-formacion-en-igualdadana-orantes-de-cullar-vega-estara-dedicada-a-la-ciberviolencia\/\">La III Escuela de Formaci\u00f3n en Igualdad \u2018Ana Orantes\u2019 de C\u00fallar Vega estar\u00e1 dedicada a la ciberviolencia<\/a><\/figcaption>\n<\/figure>\n<p><!-- \/wp:image --><\/p>\n<p><!-- wp:tadv\/classic-paragraph --><\/p>\n<p><span style=\"font-weight: 400\">El <strong>17 de diciembre<\/strong> de 2022, se organiz\u00f3 el <strong>25\u00ba aniversario<\/strong> de la denuncia p\u00fablica que le cost\u00f3 la vida a <strong>Ana Orantes.<\/strong> En este evento, se le rindi\u00f3 <strong>homenaje<\/strong> en el Sal\u00f3n de Actos de Granada.<\/span><\/p>\n<p><!-- \/wp:tadv\/classic-paragraph --><\/p>\n<p><!-- wp:image {\"id\":1842,\"sizeSlug\":\"full\",\"linkDestination\":\"none\",\"align\":\"center\"} --><\/p>\n<figure class=\"wp-block-image aligncenter size-full\"><img loading=\"lazy\" decoding=\"async\" width=\"594\" height=\"597\" class=\"wp-image-1842\" src=\"https:\/\/maralboran.eu\/coeducacion\/wp-content\/uploads\/sites\/6\/2024\/11\/image-4.png\" alt=\"\" srcset=\"https:\/\/maralboran.eu\/coeducacion\/wp-content\/uploads\/sites\/6\/2024\/11\/image-4.png 594w, https:\/\/maralboran.eu\/coeducacion\/wp-content\/uploads\/sites\/6\/2024\/11\/image-4-298x300.png 298w, https:\/\/maralboran.eu\/coeducacion\/wp-content\/uploads\/sites\/6\/2024\/11\/image-4-150x150.png 150w, https:\/\/maralboran.eu\/coeducacion\/wp-content\/uploads\/sites\/6\/2024\/11\/image-4-80x80.png 80w\" sizes=\"auto, (max-width: 594px) 100vw, 594px\" \/>\n<figcaption class=\"wp-element-caption\"><a href=\"https:\/\/www.elindependientedegranada.es\/ciudadania\/quienes-niegan-violencia-machista-les-digo-soy-raquel-orantes-hija-ana-orantes-que-fue\">Actos en memoria de Ana Orantes<\/a>\n<p><!-- \/wp:image --><\/p>\n<\/figcaption>\n<\/figure>\n<p><!-- \/wp:image --><\/p>\n<p><!-- wp:tadv\/classic-paragraph \/--><\/p>\n<p><!-- wp:tadv\/classic-paragraph \/--><\/p>\n<p><!-- wp:tadv\/classic-paragraph \/--><\/p>\n<p><!-- wp:tadv\/classic-paragraph --><\/p>\n<p><strong>Espacio de Igualdad Ana Orantes. Barajas.<\/strong><\/p>\n<p><span style=\"font-weight: 400\">El <strong>Espacio de Igualdad<\/strong> <strong>Ana Orantes<\/strong> forma parte de la <\/span><a href=\"https:\/\/www.madrid.es\/portales\/munimadrid\/es\/Inicio\/Igualdad-y-diversidad\/Espacios-de-Igualdad\/?vgnextfmt=default&amp;vgnextchannel=3392f6d322aaa710VgnVCM2000001f4a900aRCRD\"><span style=\"font-weight: 400\">red de Espacios de Igualdad del Ayuntamiento de Madrid<\/span><\/a><span style=\"font-weight: 400\">, servicio p\u00fablico especializado en la promoci\u00f3n de la <strong>igualda<\/strong><\/span><span style=\"font-weight: 400\"><strong>d<\/strong> a trav\u00e9s de la <strong>sensibilizaci\u00f3n<\/strong> y <strong>concienciaci\u00f3n ciudadana<\/strong>; el <strong>empoderamiento<\/strong> de las mujeres; y la <strong>prevenci\u00f3n<\/strong>, <strong>detecci\u00f3n<\/strong> y <strong>reparaci\u00f3n<\/strong> de la <strong>violencia machista<\/strong>. <\/span><\/p>\n<p><!-- \/wp:tadv\/classic-paragraph --><\/p>\n<p><!-- wp:image {\"lightbox\":{\"enabled\":false},\"id\":2044,\"sizeSlug\":\"full\",\"linkDestination\":\"custom\",\"align\":\"center\"} --><\/p>\n<figure class=\"wp-block-image aligncenter size-full\"><a href=\"Espacio de Igualdad Ana Orantes. Barajas\"><img loading=\"lazy\" decoding=\"async\" width=\"260\" height=\"260\" class=\"wp-image-2044\" src=\"https:\/\/maralboran.eu\/coeducacion\/wp-content\/uploads\/sites\/6\/2024\/12\/Banner_Web_260x260_ANA_ORANTES-1.jpg\" alt=\"\" srcset=\"https:\/\/maralboran.eu\/coeducacion\/wp-content\/uploads\/sites\/6\/2024\/12\/Banner_Web_260x260_ANA_ORANTES-1.jpg 260w, https:\/\/maralboran.eu\/coeducacion\/wp-content\/uploads\/sites\/6\/2024\/12\/Banner_Web_260x260_ANA_ORANTES-1-150x150.jpg 150w, https:\/\/maralboran.eu\/coeducacion\/wp-content\/uploads\/sites\/6\/2024\/12\/Banner_Web_260x260_ANA_ORANTES-1-80x80.jpg 80w\" sizes=\"auto, (max-width: 260px) 100vw, 260px\" \/><\/a>\n<figcaption class=\"wp-element-caption\"><a href=\"https:\/\/www.madrid.es\/portales\/munimadrid\/es\/Inicio\/El-Ayuntamiento\/Barajas\/Direcciones-y-telefonos\/Espacio-de-Igualdad-Ana-Orantes-Barajas\/?vgnextfmt=default&amp;vgnextoid=229425eae8975710VgnVCM2000001f4a900aRCRD&amp;vgnextchannel=1290d47ffee28010VgnVCM100000dc0ca8c0RCRD\">Espacio de Igualdad Ana Orantes. Barajas<\/a><\/figcaption>\n<\/figure>\n<p><!-- \/wp:image --><\/p>\n<p><!-- wp:tadv\/classic-paragraph --><\/p>\n<p><span style=\"font-weight: 400\"><strong>Puerto Serrano<\/strong> (C\u00e1diz) honra la memoria de <strong>Ana Orantes<\/strong>. El <strong>Ayuntamiento<\/strong> de Puerto Serrano ha reconocido, oficialmente, la <strong>figura<\/strong> de <strong>Ana Orantes,<\/strong>\u00a0su <strong>testimonio<\/strong> valiente y su <strong>legado<\/strong> <strong>inagotable<\/strong>, con la <strong>inauguraci\u00f3n<\/strong> del <strong>paseo<\/strong> que llevar\u00e1 su nombre.<\/span><\/p>\n<p><!-- \/wp:tadv\/classic-paragraph --><\/p>\n<p><!-- wp:image {\"id\":2053,\"sizeSlug\":\"large\",\"linkDestination\":\"none\",\"align\":\"center\"} --><\/p>\n<figure class=\"wp-block-image aligncenter size-large\"><img loading=\"lazy\" decoding=\"async\" width=\"1024\" height=\"774\" class=\"wp-image-2053\" src=\"https:\/\/maralboran.eu\/coeducacion\/wp-content\/uploads\/sites\/6\/2024\/12\/IMG_1167-1024x774.jpg\" alt=\"\" srcset=\"https:\/\/maralboran.eu\/coeducacion\/wp-content\/uploads\/sites\/6\/2024\/12\/IMG_1167-1024x774.jpg 1024w, https:\/\/maralboran.eu\/coeducacion\/wp-content\/uploads\/sites\/6\/2024\/12\/IMG_1167-300x227.jpg 300w, https:\/\/maralboran.eu\/coeducacion\/wp-content\/uploads\/sites\/6\/2024\/12\/IMG_1167-768x580.jpg 768w, https:\/\/maralboran.eu\/coeducacion\/wp-content\/uploads\/sites\/6\/2024\/12\/IMG_1167.jpg 1206w\" sizes=\"auto, (max-width: 1024px) 100vw, 1024px\" \/>\n<figcaption class=\"wp-element-caption\"><a href=\"https:\/\/www.lavozdelsur.es\/ediciones\/provincia-cadiz\/sierra-cadiz\/recuerdo-ana-orantes-continua-en-puerto-serrano-tantos-anos-despues_313195_102.html\">El recuerdo de Ana Orantes contin\u00faa en Puerto Serrano tantos a\u00f1os despu\u00e9s<\/a><\/figcaption>\n<\/figure>\n<p><!-- \/wp:image --><\/p>\n<p><!-- wp:tadv\/classic-paragraph \/--><\/p>\n<p><!-- wp:tadv\/classic-paragraph \/--><\/p>\n\n<!-- wp:tadv\/classic-paragraph -->\n<p>Como podemos ver, el nombre de <strong data-start=\"13\" data-end=\"28\">Ana Orantes<\/strong> en Espa\u00f1a se encuentra en multitud de espacios p\u00fablicos, calles y plazas dedicadas a su memoria, ya que ella se convirti\u00f3 en un s\u00edmbolo de la lucha contra la violencia de g\u00e9nero. Y no solo eso, sino que en <strong>parlamentos auton\u00f3micos<\/strong> y en el <strong>Congreso<\/strong>, su nombre ha sido recordado en homenajes oficiales.<\/p>\n<!-- \/wp:tadv\/classic-paragraph -->","protected":false},"excerpt":{"rendered":"<p>\u00a0 En memoria de Ana Orantes, muchos municipios de Espa\u00f1a han se\u00f1alizado calles con su nombre, estructuras en homenaje a ella y parques naturales dedicados a su memoria, logrando todo lo contrario a lo que quiso Jos\u00e9 Parejo, el exmarido&#46;&#46;&#46;<\/p>\n","protected":false},"author":28,"featured_media":1812,"comment_status":"closed","ping_status":"closed","sticky":false,"template":"","format":"standard","meta":{"_price":"","_stock":"","_tribe_ticket_header":"","_tribe_default_ticket_provider":"","_tribe_ticket_capacity":"","_ticket_start_date":"","_ticket_end_date":"","_tribe_ticket_show_description":"","_tribe_ticket_show_not_going":false,"_tribe_ticket_use_global_stock":"","_tribe_ticket_global_stock_level":"","_global_stock_mode":"","_global_stock_cap":"","_tribe_rsvp_for_event":"","_tribe_ticket_going_count":"","_tribe_ticket_not_going_count":"","_tribe_tickets_list":"[]","_tribe_ticket_has_attendee_info_fields":false,"_kadence_starter_templates_imported_post":false,"footnotes":""},"categories":[53,76],"tags":[],"class_list":["post-1740","post","type-post","status-publish","format-standard","has-post-thumbnail","hentry","category-25n-contra-violencia-machista","category-25n-ana-orantes"],"gutentor_comment":0,"featured_image_src":"https:\/\/maralboran.eu\/coeducacion\/wp-content\/uploads\/sites\/6\/2024\/11\/Ana-Orantes-1920x520-2-600x400.jpg","featured_image_src_square":"https:\/\/maralboran.eu\/coeducacion\/wp-content\/uploads\/sites\/6\/2024\/11\/Ana-Orantes-1920x520-2-600x520.jpg","author_info":{"display_name":"geografia","author_link":"https:\/\/maralboran.eu\/coeducacion\/author\/geografia\/"},"_links":{"self":[{"href":"https:\/\/maralboran.eu\/coeducacion\/wp-json\/wp\/v2\/posts\/1740","targetHints":{"allow":["GET"]}}],"collection":[{"href":"https:\/\/maralboran.eu\/coeducacion\/wp-json\/wp\/v2\/posts"}],"about":[{"href":"https:\/\/maralboran.eu\/coeducacion\/wp-json\/wp\/v2\/types\/post"}],"author":[{"embeddable":true,"href":"https:\/\/maralboran.eu\/coeducacion\/wp-json\/wp\/v2\/users\/28"}],"replies":[{"embeddable":true,"href":"https:\/\/maralboran.eu\/coeducacion\/wp-json\/wp\/v2\/comments?post=1740"}],"version-history":[{"count":0,"href":"https:\/\/maralboran.eu\/coeducacion\/wp-json\/wp\/v2\/posts\/1740\/revisions"}],"wp:featuredmedia":[{"embeddable":true,"href":"https:\/\/maralboran.eu\/coeducacion\/wp-json\/wp\/v2\/media\/1812"}],"wp:attachment":[{"href":"https:\/\/maralboran.eu\/coeducacion\/wp-json\/wp\/v2\/media?parent=1740"}],"wp:term":[{"taxonomy":"category","embeddable":true,"href":"https:\/\/maralboran.eu\/coeducacion\/wp-json\/wp\/v2\/categories?post=1740"},{"taxonomy":"post_tag","embeddable":true,"href":"https:\/\/maralboran.eu\/coeducacion\/wp-json\/wp\/v2\/tags?post=1740"}],"curies":[{"name":"wp","href":"https:\/\/api.w.org\/{rel}","templated":true}]}}