{"id":1716,"date":"2024-06-03T09:26:01","date_gmt":"2024-06-03T09:26:01","guid":{"rendered":"https:\/\/maralboran.eu\/coeducacion\/?p=1716"},"modified":"2024-06-03T09:26:04","modified_gmt":"2024-06-03T09:26:04","slug":"encuentro-observa","status":"publish","type":"post","link":"https:\/\/maralboran.eu\/coeducacion\/2024\/06\/03\/encuentro-observa\/","title":{"rendered":"Encuentro Observa"},"content":{"rendered":"\n\n\n<div id=\"section-g427c40\" class=\"wp-block-gutentor-e6 section-g427c40 gutentor-element gutentor-element-image\">\n<div class=\"gutentor-element-image-box\">\n<div class=\"gutentor-image-thumb\"><img decoding=\"async\" class=\"normal-image\" src=\"https:\/\/maralboran.eu\/wp-content\/uploads\/2024\/06\/Encuentro.png\" \/><\/div>\n<\/div>\n<\/div>\n<hr \/>\n<p>El d\u00eda 28 de mayo, el Ayuntamiento de Estepona organiz\u00f3 el Encuentro Observa. El Proyecto Observa es un proyecto con el que el alumnado de primero de la ESO es seleccionado como observador (un chico y una chica por cada grupo), recibe a lo largo del curso una formaci\u00f3n y participa en los cuatro talleres que se desarrollan en el curso.\u00a0<\/p>\n<p>Este a\u00f1o, adem\u00e1s se ha realizado un encuentro del alumnado Observa de todos los institutos de Estepona, junto con los que fueron observadores\/as en cursos anteriores hasta 1\u00ba de Bachillerato, acompa\u00f1ados por las coeducadoras de cada centro y profesorado de refuerzo.\u00a0<\/p>\n<p>En el encuentro pudieron asistir a\u00a0 un taller de educaci\u00f3n afectivo sexual, a la charla de la extraordinaria soci\u00f3loga, profesora de la Universidad de Granada, Carmen Ru\u00edz Repullo, participaron en el desayuno l\u00fadico, con photocall, coreograf\u00edas\u2026<\/p>\n<p>Por \u00faltimo, el alumnado de 1\u00ba de la ESO recibi\u00f3 un premio para ir a Isla M\u00e1gica.<\/p>\n<p><a href=\"https:\/\/www.maralboran.eu\/imagevuex3\/Cursos\/2023-2024\/Encuentro-Observa\/\" target=\"_blank\" rel=\"noopener\"><img loading=\"lazy\" decoding=\"async\" class=\"alignnone wp-image-9510 size-full\" src=\"https:\/\/maralboran.eu\/wp-content\/uploads\/2022\/11\/GALERIA-removebg-preview-e1669109319953.png\" sizes=\"auto, (max-width: 100px) 100vw, 100px\" srcset=\"https:\/\/maralboran.eu\/wp-content\/uploads\/2022\/11\/GALERIA-removebg-preview-e1669109319953.png 100w, https:\/\/maralboran.eu\/wp-content\/uploads\/2022\/11\/GALERIA-removebg-preview-e1669109319953-80x80.png 80w\" alt=\"\" width=\"100\" height=\"100\" \/><\/a><\/p>\n","protected":false},"excerpt":{"rendered":"<p>El d\u00eda 28 de mayo, el Ayuntamiento de Estepona organiz\u00f3 el Encuentro Observa. El Proyecto Observa es un proyecto con el que el alumnado de primero de la ESO es seleccionado como observador (un chico y una chica por cada&#46;&#46;&#46;<\/p>\n","protected":false},"author":1,"featured_media":1717,"comment_status":"closed","ping_status":"closed","sticky":false,"template":"","format":"standard","meta":{"_price":"","_stock":"","_tribe_ticket_header":"","_tribe_default_ticket_provider":"","_tribe_ticket_capacity":"","_ticket_start_date":"","_ticket_end_date":"","_tribe_ticket_show_description":"","_tribe_ticket_show_not_going":false,"_tribe_ticket_use_global_stock":"","_tribe_ticket_global_stock_level":"","_global_stock_mode":"","_global_stock_cap":"","_tribe_rsvp_for_event":"","_tribe_ticket_going_count":"","_tribe_ticket_not_going_count":"","_tribe_tickets_list":"[]","_tribe_ticket_has_attendee_info_fields":false,"_kadence_starter_templates_imported_post":false,"footnotes":""},"categories":[53],"tags":[],"class_list":["post-1716","post","type-post","status-publish","format-standard","has-post-thumbnail","hentry","category-25n-contra-violencia-machista"],"gutentor_comment":0,"featured_image_src":"https:\/\/maralboran.eu\/coeducacion\/wp-content\/uploads\/sites\/6\/2024\/06\/Encuentro-600x400.png","featured_image_src_square":"https:\/\/maralboran.eu\/coeducacion\/wp-content\/uploads\/sites\/6\/2024\/06\/Encuentro-600x500.png","author_info":{"display_name":"administrador","author_link":"https:\/\/maralboran.eu\/coeducacion\/author\/administrador\/"},"_links":{"self":[{"href":"https:\/\/maralboran.eu\/coeducacion\/wp-json\/wp\/v2\/posts\/1716","targetHints":{"allow":["GET"]}}],"collection":[{"href":"https:\/\/maralboran.eu\/coeducacion\/wp-json\/wp\/v2\/posts"}],"about":[{"href":"https:\/\/maralboran.eu\/coeducacion\/wp-json\/wp\/v2\/types\/post"}],"author":[{"embeddable":true,"href":"https:\/\/maralboran.eu\/coeducacion\/wp-json\/wp\/v2\/users\/1"}],"replies":[{"embeddable":true,"href":"https:\/\/maralboran.eu\/coeducacion\/wp-json\/wp\/v2\/comments?post=1716"}],"version-history":[{"count":0,"href":"https:\/\/maralboran.eu\/coeducacion\/wp-json\/wp\/v2\/posts\/1716\/revisions"}],"wp:featuredmedia":[{"embeddable":true,"href":"https:\/\/maralboran.eu\/coeducacion\/wp-json\/wp\/v2\/media\/1717"}],"wp:attachment":[{"href":"https:\/\/maralboran.eu\/coeducacion\/wp-json\/wp\/v2\/media?parent=1716"}],"wp:term":[{"taxonomy":"category","embeddable":true,"href":"https:\/\/maralboran.eu\/coeducacion\/wp-json\/wp\/v2\/categories?post=1716"},{"taxonomy":"post_tag","embeddable":true,"href":"https:\/\/maralboran.eu\/coeducacion\/wp-json\/wp\/v2\/tags?post=1716"}],"curies":[{"name":"wp","href":"https:\/\/api.w.org\/{rel}","templated":true}]}}