{"id":1710,"date":"2024-05-21T17:01:31","date_gmt":"2024-05-21T17:01:31","guid":{"rendered":"https:\/\/maralboran.eu\/coeducacion\/?p=1710"},"modified":"2024-05-21T17:05:06","modified_gmt":"2024-05-21T17:05:06","slug":"talleres-de-la-diversidad","status":"publish","type":"post","link":"https:\/\/maralboran.eu\/coeducacion\/2024\/05\/21\/talleres-de-la-diversidad\/","title":{"rendered":"Talleres de la diversidad"},"content":{"rendered":"\n<h1 class=\"post-title entry-title\"><img decoding=\"async\" class=\"normal-image\" style=\"font-size: 0px; color: initial;\" src=\"https:\/\/maralboran.eu\/wp-content\/uploads\/2024\/05\/Anadir-un-subtitulo.png\" \/><\/h1>\n<div class=\"entry themeform share\">\n<div class=\"entry-inner\">\n<blockquote><hr \/>\n<p>JORNADAS REIVINDICATIVAS DEL COLECTIVO LGTBIQ+<\/p>\n<\/blockquote>\n<p>El 17 de mayo es el D\u00eda Internacional contra la LGTBfobia. Este d\u00eda en 1990 la Organizaci\u00f3n Mundial de la Salud estableci\u00f3 que la homosexualidad dejaba de ser considerada una enfermedad, por esto en torno a esta fecha hemos realizado una serie de actividades reivincativas de los derechos del colectivo lgtbiq+.<\/p>\n<p>Una de estas actividades ha sido la realizaci\u00f3n de nuevo de los\u00a0<b>Talleres de la Diversidad<\/b>. Estos talleres, promovidos por el Plan de Igualdad, han sido organizados por alumnado de 1\u00ba de Bachillerato a trav\u00e9s de Antropolog\u00eda y Sociolog\u00eda, a los que se suman tambi\u00e9n alumnado de 2\u00ba de Bachillerato y 4\u00baESO.<\/p>\n<p>\u00a0<img loading=\"lazy\" decoding=\"async\" class=\"wp-image-12147 size-medium alignleft\" src=\"https:\/\/maralboran.eu\/wp-content\/uploads\/2024\/05\/IMG-20240516-WA0000-169x300.jpg\" sizes=\"auto, (max-width: 169px) 100vw, 169px\" srcset=\"https:\/\/maralboran.eu\/wp-content\/uploads\/2024\/05\/IMG-20240516-WA0000-169x300.jpg 169w, https:\/\/maralboran.eu\/wp-content\/uploads\/2024\/05\/IMG-20240516-WA0000-576x1024.jpg 576w, https:\/\/maralboran.eu\/wp-content\/uploads\/2024\/05\/IMG-20240516-WA0000-768x1365.jpg 768w, https:\/\/maralboran.eu\/wp-content\/uploads\/2024\/05\/IMG-20240516-WA0000-864x1536.jpg 864w, https:\/\/maralboran.eu\/wp-content\/uploads\/2024\/05\/IMG-20240516-WA0000.jpg 900w\" alt=\"\" width=\"169\" height=\"300\" \/>Se realizaron en los recreos de los d\u00edas 16 y 17 de ma<b>y<\/b>o, en el porche del m\u00f3dulo 4. Este curso hemos tenido la suerte, adem\u00e1s, de contar con profesorado acompa\u00f1ante, el cual\u00a0 forma parte del Equipo de Convivencia y del Grupo de Trabajo: Recreos L\u00fadicos, que coordina nuestro compa\u00f1ero Julio Camacho, el que desde el principio ha orientado al alumnado en el dise\u00f1o de los juegos.<\/p>\n<p>El d\u00eda 17, adem\u00e1s, a segunda hora, alumnado de Oratoria y Debate pasaron por las clases, explicaron la efem\u00e9rides y ofrecieron pulseras arco\u00edris al profesorado de todo el centro, conserjes y personal de cafeter\u00eda.<\/p>\n<p>Todo un ejemplo de respeto, generosidad y libertad , enhorabuena a tod@s.<\/p>\n<p><a href=\"https:\/\/www.maralboran.eu\/imagevuex3\/Cursos\/2023-2024\/talleres-LGTBIQ\/\" target=\"_blank\" rel=\"noopener\"><img loading=\"lazy\" decoding=\"async\" class=\"alignnone wp-image-9510 size-full\" src=\"https:\/\/maralboran.eu\/wp-content\/uploads\/2022\/11\/GALERIA-removebg-preview-e1669109319953.png\" sizes=\"auto, (max-width: 100px) 100vw, 100px\" srcset=\"https:\/\/maralboran.eu\/wp-content\/uploads\/2022\/11\/GALERIA-removebg-preview-e1669109319953.png 100w, https:\/\/maralboran.eu\/wp-content\/uploads\/2022\/11\/GALERIA-removebg-preview-e1669109319953-80x80.png 80w\" alt=\"\" width=\"100\" height=\"100\" \/><\/a><\/p>\n<\/div>\n<\/div>\n","protected":false},"excerpt":{"rendered":"<p>JORNADAS REIVINDICATIVAS DEL COLECTIVO LGTBIQ+ El 17 de mayo es el D\u00eda Internacional contra la LGTBfobia. Este d\u00eda en 1990 la Organizaci\u00f3n Mundial de la Salud estableci\u00f3 que la homosexualidad dejaba de ser considerada una enfermedad, por esto en torno&#46;&#46;&#46;<\/p>\n","protected":false},"author":1,"featured_media":1712,"comment_status":"closed","ping_status":"closed","sticky":false,"template":"","format":"standard","meta":{"_price":"","_stock":"","_tribe_ticket_header":"","_tribe_default_ticket_provider":"","_tribe_ticket_capacity":"","_ticket_start_date":"","_ticket_end_date":"","_tribe_ticket_show_description":"","_tribe_ticket_show_not_going":false,"_tribe_ticket_use_global_stock":"","_tribe_ticket_global_stock_level":"","_global_stock_mode":"","_global_stock_cap":"","_tribe_rsvp_for_event":"","_tribe_ticket_going_count":"","_tribe_ticket_not_going_count":"","_tribe_tickets_list":"[]","_tribe_ticket_has_attendee_info_fields":false,"_kadence_starter_templates_imported_post":false,"footnotes":""},"categories":[56],"tags":[],"class_list":["post-1710","post","type-post","status-publish","format-standard","has-post-thumbnail","hentry","category-lgtbiq"],"gutentor_comment":0,"featured_image_src":"https:\/\/maralboran.eu\/coeducacion\/wp-content\/uploads\/sites\/6\/2024\/05\/Anadir-un-subtitulo-1-600x400.png","featured_image_src_square":"https:\/\/maralboran.eu\/coeducacion\/wp-content\/uploads\/sites\/6\/2024\/05\/Anadir-un-subtitulo-1-600x500.png","author_info":{"display_name":"administrador","author_link":"https:\/\/maralboran.eu\/coeducacion\/author\/administrador\/"},"_links":{"self":[{"href":"https:\/\/maralboran.eu\/coeducacion\/wp-json\/wp\/v2\/posts\/1710","targetHints":{"allow":["GET"]}}],"collection":[{"href":"https:\/\/maralboran.eu\/coeducacion\/wp-json\/wp\/v2\/posts"}],"about":[{"href":"https:\/\/maralboran.eu\/coeducacion\/wp-json\/wp\/v2\/types\/post"}],"author":[{"embeddable":true,"href":"https:\/\/maralboran.eu\/coeducacion\/wp-json\/wp\/v2\/users\/1"}],"replies":[{"embeddable":true,"href":"https:\/\/maralboran.eu\/coeducacion\/wp-json\/wp\/v2\/comments?post=1710"}],"version-history":[{"count":0,"href":"https:\/\/maralboran.eu\/coeducacion\/wp-json\/wp\/v2\/posts\/1710\/revisions"}],"wp:featuredmedia":[{"embeddable":true,"href":"https:\/\/maralboran.eu\/coeducacion\/wp-json\/wp\/v2\/media\/1712"}],"wp:attachment":[{"href":"https:\/\/maralboran.eu\/coeducacion\/wp-json\/wp\/v2\/media?parent=1710"}],"wp:term":[{"taxonomy":"category","embeddable":true,"href":"https:\/\/maralboran.eu\/coeducacion\/wp-json\/wp\/v2\/categories?post=1710"},{"taxonomy":"post_tag","embeddable":true,"href":"https:\/\/maralboran.eu\/coeducacion\/wp-json\/wp\/v2\/tags?post=1710"}],"curies":[{"name":"wp","href":"https:\/\/api.w.org\/{rel}","templated":true}]}}