{"id":1707,"date":"2024-04-15T06:59:58","date_gmt":"2024-04-15T06:59:58","guid":{"rendered":"https:\/\/maralboran.eu\/coeducacion\/?p=1707"},"modified":"2024-04-15T07:00:01","modified_gmt":"2024-04-15T07:00:01","slug":"talleres-de-educacion-afectivo-sexual","status":"publish","type":"post","link":"https:\/\/maralboran.eu\/coeducacion\/2024\/04\/15\/talleres-de-educacion-afectivo-sexual\/","title":{"rendered":"Talleres de educaci\u00f3n afectivo-sexual"},"content":{"rendered":"\n<div id=\"section-g3558f2\" class=\"wp-block-gutentor-e6 section-g3558f2 gutentor-element gutentor-element-image\"><div class=\"gutentor-element-image-box\"><div class=\"gutentor-image-thumb\"><img decoding=\"async\" class=\"normal-image\" src=\"https:\/\/maralboran.eu\/coeducacion\/wp-content\/uploads\/sites\/6\/2024\/04\/Presentacion-salud-sexo-afectiva-ilustrado-retro-rosa-azul.jpg\" \/><\/div><\/div><\/div>\n\n\n\n<blockquote><hr \/>\n<p><span style=\"font-weight: 400;\">CONSTRUYENDO SEXUALIDADES<\/span><\/p>\n<\/blockquote>\n<p><span style=\"font-weight: 400;\">Los d\u00edas 2,3 y 9 de abril se ha realizado en nuestro centro un taller de educaci\u00f3n afectivo-sexual. Este taller ha sido coordinado por el Plan de Igualdad y subvencionado por el Ayuntamiento de Estepona, con fondos del Pacto de Estado contra la Violencia de G\u00e9nero.<\/span><\/p>\n<p><span style=\"font-weight: 400;\">En esta ocasi\u00f3n, hemos tenido la suerte de contar con la sex\u00f3loga Cristina Ladr\u00f3n, que ha realizado los talleres de dos horas en todos los grupos de 2\u00ba de la ESO.<\/span><\/p>\n<p><span style=\"font-weight: 400;\">En la primera parte del taller ha realizado una lluvia de ideas en la que el alumnado comentaba sus ideas sobre el sexo que luego Cristina organiz\u00f3 desde los \u00e1mbitos biol\u00f3gicos, psicol\u00f3gicos, emocionales, culturales,\u2026<\/span><\/p>\n<p><span style=\"font-weight: 400;\">En la segunda parte, realiz\u00f3 un buz\u00f3n an\u00f3nimo con el que poder responder a las m\u00faltiples dudas que el alumnado tiene de estos temas, rompiendo con muchos mitos y siempre desde el respeto y la sensibilidad.<\/span><\/p>\n<p><span style=\"font-weight: 400;\">Los talleres han tenido una magn\u00edfica acogida por parte del alumnado y del profesorado que ha podido asistir acompa\u00f1ando a su grupo.\u00a0<\/span><\/p>\n<p>\u00a0<\/p>\n\n\n\n<div id=\"section-gf6b8d3\" class=\"wp-block-gutentor-e6 section-gf6b8d3 gutentor-element gutentor-element-image\"><div class=\"gutentor-element-image-box\"><div class=\"gutentor-image-thumb\"><img decoding=\"async\" class=\"normal-image\" src=\"https:\/\/maralboran.eu\/coeducacion\/wp-content\/uploads\/sites\/6\/2024\/04\/IMG-20240409-WA0005.jpg\" \/><\/div><\/div><\/div>\n","protected":false},"excerpt":{"rendered":"<p>CONSTRUYENDO SEXUALIDADES Los d\u00edas 2,3 y 9 de abril se ha realizado en nuestro centro un taller de educaci\u00f3n afectivo-sexual. Este taller ha sido coordinado por el Plan de Igualdad y subvencionado por el Ayuntamiento de Estepona, con fondos del&#46;&#46;&#46;<\/p>\n","protected":false},"author":1,"featured_media":1708,"comment_status":"closed","ping_status":"closed","sticky":false,"template":"","format":"standard","meta":{"_price":"","_stock":"","_tribe_ticket_header":"","_tribe_default_ticket_provider":"","_tribe_ticket_capacity":"","_ticket_start_date":"","_ticket_end_date":"","_tribe_ticket_show_description":"","_tribe_ticket_show_not_going":false,"_tribe_ticket_use_global_stock":"","_tribe_ticket_global_stock_level":"","_global_stock_mode":"","_global_stock_cap":"","_tribe_rsvp_for_event":"","_tribe_ticket_going_count":"","_tribe_ticket_not_going_count":"","_tribe_tickets_list":"[]","_tribe_ticket_has_attendee_info_fields":false,"_kadence_starter_templates_imported_post":false,"footnotes":""},"categories":[57],"tags":[],"class_list":["post-1707","post","type-post","status-publish","format-standard","has-post-thumbnail","hentry","category-emociones-y-sexualidad"],"gutentor_comment":0,"featured_image_src":"https:\/\/maralboran.eu\/coeducacion\/wp-content\/uploads\/sites\/6\/2024\/04\/Presentacion-salud-sexo-afectiva-ilustrado-retro-rosa-azul-600x400.jpg","featured_image_src_square":"https:\/\/maralboran.eu\/coeducacion\/wp-content\/uploads\/sites\/6\/2024\/04\/Presentacion-salud-sexo-afectiva-ilustrado-retro-rosa-azul-600x600.jpg","author_info":{"display_name":"administrador","author_link":"https:\/\/maralboran.eu\/coeducacion\/author\/administrador\/"},"_links":{"self":[{"href":"https:\/\/maralboran.eu\/coeducacion\/wp-json\/wp\/v2\/posts\/1707","targetHints":{"allow":["GET"]}}],"collection":[{"href":"https:\/\/maralboran.eu\/coeducacion\/wp-json\/wp\/v2\/posts"}],"about":[{"href":"https:\/\/maralboran.eu\/coeducacion\/wp-json\/wp\/v2\/types\/post"}],"author":[{"embeddable":true,"href":"https:\/\/maralboran.eu\/coeducacion\/wp-json\/wp\/v2\/users\/1"}],"replies":[{"embeddable":true,"href":"https:\/\/maralboran.eu\/coeducacion\/wp-json\/wp\/v2\/comments?post=1707"}],"version-history":[{"count":0,"href":"https:\/\/maralboran.eu\/coeducacion\/wp-json\/wp\/v2\/posts\/1707\/revisions"}],"wp:featuredmedia":[{"embeddable":true,"href":"https:\/\/maralboran.eu\/coeducacion\/wp-json\/wp\/v2\/media\/1708"}],"wp:attachment":[{"href":"https:\/\/maralboran.eu\/coeducacion\/wp-json\/wp\/v2\/media?parent=1707"}],"wp:term":[{"taxonomy":"category","embeddable":true,"href":"https:\/\/maralboran.eu\/coeducacion\/wp-json\/wp\/v2\/categories?post=1707"},{"taxonomy":"post_tag","embeddable":true,"href":"https:\/\/maralboran.eu\/coeducacion\/wp-json\/wp\/v2\/tags?post=1707"}],"curies":[{"name":"wp","href":"https:\/\/api.w.org\/{rel}","templated":true}]}}