{"id":1670,"date":"2023-11-04T10:37:19","date_gmt":"2023-11-04T10:37:19","guid":{"rendered":"https:\/\/maralboran.eu\/coeducacion\/?p=1670"},"modified":"2024-02-05T10:01:45","modified_gmt":"2024-02-05T10:01:45","slug":"actividades-25-de-noviembre-2023","status":"publish","type":"post","link":"https:\/\/maralboran.eu\/coeducacion\/2023\/11\/04\/actividades-25-de-noviembre-2023\/","title":{"rendered":"Actividades 25 de noviembre 2023"},"content":{"rendered":"\n\n<div class=\"wp-block-image\">\n<figure class=\"aligncenter size-full is-resized\"><img loading=\"lazy\" decoding=\"async\" width=\"500\" height=\"500\" src=\"https:\/\/maralboran.eu\/coeducacion\/wp-content\/uploads\/sites\/6\/2023\/10\/artworks-MJBVraQH5QJC5Gy9-CFiNkQ-t500x500.jpg\" alt=\"\" class=\"wp-image-1671\" style=\"aspect-ratio:1;width:318px;height:auto\" srcset=\"https:\/\/maralboran.eu\/coeducacion\/wp-content\/uploads\/sites\/6\/2023\/10\/artworks-MJBVraQH5QJC5Gy9-CFiNkQ-t500x500.jpg 500w, https:\/\/maralboran.eu\/coeducacion\/wp-content\/uploads\/sites\/6\/2023\/10\/artworks-MJBVraQH5QJC5Gy9-CFiNkQ-t500x500-300x300.jpg 300w, https:\/\/maralboran.eu\/coeducacion\/wp-content\/uploads\/sites\/6\/2023\/10\/artworks-MJBVraQH5QJC5Gy9-CFiNkQ-t500x500-150x150.jpg 150w, https:\/\/maralboran.eu\/coeducacion\/wp-content\/uploads\/sites\/6\/2023\/10\/artworks-MJBVraQH5QJC5Gy9-CFiNkQ-t500x500-80x80.jpg 80w, https:\/\/maralboran.eu\/coeducacion\/wp-content\/uploads\/sites\/6\/2023\/10\/artworks-MJBVraQH5QJC5Gy9-CFiNkQ-t500x500-320x320.jpg 320w\" sizes=\"auto, (max-width: 500px) 100vw, 500px\" \/><\/figure>\n<\/div>\n\n\n<p class=\"has-text-align-center\">El 25 de noviembre es el D\u00eda Internacional contra la Violencia Machista.  Con esta efem\u00e9rides se hace un llamamiento contra todo tipo de violencia y en concreto se refiere a la violencia que se ejerce contra las mujeres por el hecho de ser mujeres, a la violencia que en el trasfondo de una relaci\u00f3n de amor rom\u00e1ntico un hombre ejerce contra una mujer que es o fue su pareja sentimental y que puede ejercerse contra los hijos de ella o ambos.<\/p>\n\n\n\n<p class=\"has-text-align-center\">Este curso proponemos una serie de actividades relacionadas con esta tem\u00e1tica:<\/p>\n\n\n\n<p>     En primer lugar, realizaremos un <strong><em>Concurso de decoraci\u00f3n: la puerta violeta<\/em><\/strong>, para 1\u00ba y 2\u00ba de la ESO, se trata de decorar la puerta de clase (la que est\u00e1 m\u00e1s cerca de la mesa del profesorado) empleando el color violeta,  con lemas y mensajes positivos hacia las mujeres para representar la posibilidad de construir, librarse, salir del espacio t\u00f3xico que crea la violencia machista. Tambi\u00e9n es el modo de mostrar el total rechazo hacia la violencia en general y la violencia machista, en concreto. Aqu\u00ed est\u00e1 el enlace de la actividad para realizar en tutor\u00eda, cotutor\u00eda o ambas:<\/p>\n\n\n\n<p class=\"has-text-align-center\"><a href=\"https:\/\/docs.google.com\/document\/d\/1HRiH53aPK2Z2OzM4OroKWOqn1THPEI73X5d4bMqQjVA\/edit?usp=sharing\">CONCURSO LA PUERTA VIOLETA<\/a><\/p>\n\n\n\n<p>     En segundo lugar, a partir de 3\u00ba de ESO proponemos la <strong><em>Actividad: del chiste a la violaci\u00f3n. La pir\u00e1mide de la violencia machista.<\/em><\/strong> Se trata de ver y reflexionar mediante  un v\u00eddeo de la periodista Nerea P\u00e9rez de las Heras, de su serie para el peri\u00f3dico el PA\u00cdS: <em>Feminismo para torpes<\/em>. Con esto se conocer\u00e1 el proceso gradual de la violencia machista, acompa\u00f1ando a la explicaci\u00f3n de m\u00faltiples datos estad\u00edsticos.  Aqu\u00ed est\u00e1 el enlace de la actividad:<\/p>\n\n\n\n<p class=\"has-text-align-center\"><a href=\"https:\/\/docs.google.com\/document\/d\/1A7mD9yBV_RMzJs4BpguEixohJr5h-zsZbyhSMqymQyg\/edit?usp=drive_link\">LA PIRAMIDE DE LA VIOLENCIA MACHISTA<\/a><\/p>\n\n\n\n<p>     Tambi\u00e9n en el m\u00f3dulo 4 se expondr\u00e1 el <strong><em>C\u00f3mic de las Hermanas Mirabal<\/em><\/strong> que fueron unas mujeres rebeldes que se enfrentaron al r\u00e9gimen del general Trujillo y lo pagaron con su muerte. Su asesinato fue un 25 de noviembre, de ah\u00ed el origen de la efem\u00e9rides. Para profundizar m\u00e1s aqu\u00ed ten\u00e9is el enlace:<\/p>\n\n\n\n<p class=\"has-text-align-center\"><a href=\"https:\/\/maralboran.eu\/coeducacion\/2021\/10\/27\/actividades-25-n-2021-proyecto-vuelo-de-mariposas\/\">PROYECTO VUELO DE MARIPOSAS<\/a><\/p>\n\n\n\n<p>     Este curso tambi\u00e9n tendremos en primero de bachillerato una charla-taller de escritura creativa contra la violencia machista llevado a cabo por la exalumna Yohana Anaya, que sufri\u00f3 violencia de g\u00e9nero cuando fue nuestra alumna y que seguro ser\u00e1 un \u00e9xito.<\/p>\n\n\n\n<p><\/p>\n\n\n\n<p class=\"has-text-align-center\"><em><strong>MUCHAS GRACIAS<\/strong><\/em><\/p>\n","protected":false},"excerpt":{"rendered":"<p>El 25 de noviembre es el D\u00eda Internacional contra la Violencia Machista. Con esta efem\u00e9rides se hace un llamamiento contra todo tipo de violencia y en concreto se refiere a la violencia que se ejerce contra las mujeres por el&#46;&#46;&#46;<\/p>\n","protected":false},"author":8,"featured_media":1700,"comment_status":"closed","ping_status":"closed","sticky":false,"template":"","format":"standard","meta":{"_price":"","_stock":"","_tribe_ticket_header":"","_tribe_default_ticket_provider":"","_tribe_ticket_capacity":"","_ticket_start_date":"","_ticket_end_date":"","_tribe_ticket_show_description":"","_tribe_ticket_show_not_going":false,"_tribe_ticket_use_global_stock":"","_tribe_ticket_global_stock_level":"","_global_stock_mode":"","_global_stock_cap":"","_tribe_rsvp_for_event":"","_tribe_ticket_going_count":"","_tribe_ticket_not_going_count":"","_tribe_tickets_list":"[]","_tribe_ticket_has_attendee_info_fields":false,"_kadence_starter_templates_imported_post":false,"footnotes":""},"categories":[7],"tags":[],"class_list":["post-1670","post","type-post","status-publish","format-standard","has-post-thumbnail","hentry","category-noticias"],"gutentor_comment":0,"featured_image_src":"https:\/\/maralboran.eu\/coeducacion\/wp-content\/uploads\/sites\/6\/2023\/11\/CONCURSO-LA-PUERTA-VIOLETA-600x400.png","featured_image_src_square":"https:\/\/maralboran.eu\/coeducacion\/wp-content\/uploads\/sites\/6\/2023\/11\/CONCURSO-LA-PUERTA-VIOLETA-600x500.png","author_info":{"display_name":"coeducacion","author_link":"https:\/\/maralboran.eu\/coeducacion\/author\/coeducacion\/"},"_links":{"self":[{"href":"https:\/\/maralboran.eu\/coeducacion\/wp-json\/wp\/v2\/posts\/1670","targetHints":{"allow":["GET"]}}],"collection":[{"href":"https:\/\/maralboran.eu\/coeducacion\/wp-json\/wp\/v2\/posts"}],"about":[{"href":"https:\/\/maralboran.eu\/coeducacion\/wp-json\/wp\/v2\/types\/post"}],"author":[{"embeddable":true,"href":"https:\/\/maralboran.eu\/coeducacion\/wp-json\/wp\/v2\/users\/8"}],"replies":[{"embeddable":true,"href":"https:\/\/maralboran.eu\/coeducacion\/wp-json\/wp\/v2\/comments?post=1670"}],"version-history":[{"count":0,"href":"https:\/\/maralboran.eu\/coeducacion\/wp-json\/wp\/v2\/posts\/1670\/revisions"}],"wp:featuredmedia":[{"embeddable":true,"href":"https:\/\/maralboran.eu\/coeducacion\/wp-json\/wp\/v2\/media\/1700"}],"wp:attachment":[{"href":"https:\/\/maralboran.eu\/coeducacion\/wp-json\/wp\/v2\/media?parent=1670"}],"wp:term":[{"taxonomy":"category","embeddable":true,"href":"https:\/\/maralboran.eu\/coeducacion\/wp-json\/wp\/v2\/categories?post=1670"},{"taxonomy":"post_tag","embeddable":true,"href":"https:\/\/maralboran.eu\/coeducacion\/wp-json\/wp\/v2\/tags?post=1670"}],"curies":[{"name":"wp","href":"https:\/\/api.w.org\/{rel}","templated":true}]}}