{"id":1661,"date":"2023-10-03T07:47:08","date_gmt":"2023-10-03T07:47:08","guid":{"rendered":"https:\/\/maralboran.eu\/coeducacion\/?p=1661"},"modified":"2023-10-03T07:52:59","modified_gmt":"2023-10-03T07:52:59","slug":"acto-de-entrega-de-premios-a-los-as-observadores-as","status":"publish","type":"post","link":"https:\/\/maralboran.eu\/coeducacion\/2023\/10\/03\/acto-de-entrega-de-premios-a-los-as-observadores-as\/","title":{"rendered":"Acto de entrega de premios a los\/as observadores\/as"},"content":{"rendered":"\n<div id=\"section-g6c7645\" class=\"wp-block-gutentor-e6 section-g6c7645 gutentor-element gutentor-element-image\"><div class=\"gutentor-element-image-box\"><div class=\"gutentor-image-thumb\"><img decoding=\"async\" class=\"normal-image\" src=\"https:\/\/maralboran.eu\/coeducacion\/wp-content\/uploads\/sites\/6\/2023\/10\/Presentacion-Historia-del-Feminismo-Moderno-Azul.png\" \/><\/div><\/div><\/div>\n\n\n\n<hr \/>\n<p><span style=\"font-weight: 400;\">El d\u00eda 29 de septiembre en el centro Padre Manuel se realiz\u00f3 la entrega de premios al alumnado observador del curso anterior. El proyecto Observa que realiza el Ayuntamiento de Estepona y con el que\u00a0 colabora nuestro centro, realiza una formaci\u00f3n ( a un alumno y una alumna de cada clase de primero de la ESO) y cuatro talleres a lo largo del curso en el que trata temas de coeducaci\u00f3n como son la igualdad, los celos, el amor rom\u00e1ntico y la violencia machista. El alumnado observador, que recibi\u00f3 su formaci\u00f3n a principio de curso y acompa\u00f1a a la monitora en los talleres, recibi\u00f3 un magn\u00edfico obsequio: una <\/span><b><i>visita a Isla M\u00e1gica<\/i><\/b><span style=\"font-weight: 400;\">\u00a0 que disfrutar\u00e1 el d\u00eda 7 de octubre. Este curso, adem\u00e1s, Adri\u00e1n Martos y Carla Chaves, alumnos\/as de nuestro centro, leyeron dos magn\u00edficos discursos elaborados por ellos que represent\u00f3 a los\/as observadores\/as de Estepona.<\/span><\/p>\n<p>\u00a0<\/p>\n<p style=\"text-align: center;\"><span style=\"font-weight: 400;\">\u00a1\u00a1\u00a1\u00a1ENHORABUENA OBSERVADOR@S!!!!!<\/span><\/p>\n<p>\u00a0<\/p>\n\n\n\n<div id=\"section-g163cfd\" class=\"wp-block-gutentor-e6 section-g163cfd gutentor-element gutentor-element-image\"><div class=\"gutentor-element-image-box\"><div class=\"gutentor-image-thumb\"><img decoding=\"async\" class=\"normal-image\" src=\"https:\/\/maralboran.eu\/coeducacion\/wp-content\/uploads\/sites\/6\/2023\/10\/observa23.2-scaled.jpg\" \/><\/div><\/div><\/div>\n\n\n\n<div id=\"section-g7ac4e0\" class=\"wp-block-gutentor-e6 section-g7ac4e0 gutentor-element gutentor-element-image\"><div class=\"gutentor-element-image-box\"><div class=\"gutentor-image-thumb\"><img decoding=\"async\" class=\"normal-image\" src=\"https:\/\/maralboran.eu\/coeducacion\/wp-content\/uploads\/sites\/6\/2023\/10\/IMG-20230929-WA0002.jpg\" \/><\/div><\/div><\/div>\n","protected":false},"excerpt":{"rendered":"<p>El d\u00eda 29 de septiembre en el centro Padre Manuel se realiz\u00f3 la entrega de premios al alumnado observador del curso anterior. El proyecto Observa que realiza el Ayuntamiento de Estepona y con el que\u00a0 colabora nuestro centro, realiza una&#46;&#46;&#46;<\/p>\n","protected":false},"author":1,"featured_media":1662,"comment_status":"closed","ping_status":"closed","sticky":false,"template":"","format":"standard","meta":{"_price":"","_stock":"","_tribe_ticket_header":"","_tribe_default_ticket_provider":"","_tribe_ticket_capacity":"","_ticket_start_date":"","_ticket_end_date":"","_tribe_ticket_show_description":"","_tribe_ticket_show_not_going":false,"_tribe_ticket_use_global_stock":"","_tribe_ticket_global_stock_level":"","_global_stock_mode":"","_global_stock_cap":"","_tribe_rsvp_for_event":"","_tribe_ticket_going_count":"","_tribe_ticket_not_going_count":"","_tribe_tickets_list":"[]","_tribe_ticket_has_attendee_info_fields":false,"_kadence_starter_templates_imported_post":false,"footnotes":""},"categories":[7],"tags":[],"class_list":["post-1661","post","type-post","status-publish","format-standard","has-post-thumbnail","hentry","category-noticias"],"gutentor_comment":0,"featured_image_src":"https:\/\/maralboran.eu\/coeducacion\/wp-content\/uploads\/sites\/6\/2023\/10\/Presentacion-Historia-del-Feminismo-Moderno-Azul-600x400.png","featured_image_src_square":"https:\/\/maralboran.eu\/coeducacion\/wp-content\/uploads\/sites\/6\/2023\/10\/Presentacion-Historia-del-Feminismo-Moderno-Azul-600x600.png","author_info":{"display_name":"administrador","author_link":"https:\/\/maralboran.eu\/coeducacion\/author\/administrador\/"},"_links":{"self":[{"href":"https:\/\/maralboran.eu\/coeducacion\/wp-json\/wp\/v2\/posts\/1661","targetHints":{"allow":["GET"]}}],"collection":[{"href":"https:\/\/maralboran.eu\/coeducacion\/wp-json\/wp\/v2\/posts"}],"about":[{"href":"https:\/\/maralboran.eu\/coeducacion\/wp-json\/wp\/v2\/types\/post"}],"author":[{"embeddable":true,"href":"https:\/\/maralboran.eu\/coeducacion\/wp-json\/wp\/v2\/users\/1"}],"replies":[{"embeddable":true,"href":"https:\/\/maralboran.eu\/coeducacion\/wp-json\/wp\/v2\/comments?post=1661"}],"version-history":[{"count":0,"href":"https:\/\/maralboran.eu\/coeducacion\/wp-json\/wp\/v2\/posts\/1661\/revisions"}],"wp:featuredmedia":[{"embeddable":true,"href":"https:\/\/maralboran.eu\/coeducacion\/wp-json\/wp\/v2\/media\/1662"}],"wp:attachment":[{"href":"https:\/\/maralboran.eu\/coeducacion\/wp-json\/wp\/v2\/media?parent=1661"}],"wp:term":[{"taxonomy":"category","embeddable":true,"href":"https:\/\/maralboran.eu\/coeducacion\/wp-json\/wp\/v2\/categories?post=1661"},{"taxonomy":"post_tag","embeddable":true,"href":"https:\/\/maralboran.eu\/coeducacion\/wp-json\/wp\/v2\/tags?post=1661"}],"curies":[{"name":"wp","href":"https:\/\/api.w.org\/{rel}","templated":true}]}}