{"id":1657,"date":"2023-05-17T08:05:09","date_gmt":"2023-05-17T08:05:09","guid":{"rendered":"https:\/\/maralboran.eu\/coeducacion\/?p=1657"},"modified":"2023-05-30T08:06:01","modified_gmt":"2023-05-30T08:06:01","slug":"taller-soy-yo-soy-libre","status":"publish","type":"post","link":"https:\/\/maralboran.eu\/coeducacion\/2023\/05\/17\/taller-soy-yo-soy-libre\/","title":{"rendered":"Taller \u00abSoy yo, soy libre\u00bb"},"content":{"rendered":"\n<blockquote>\n<h6>ACTIVIDADES CONTRA LA LGTB-FOBIA<\/h6>\n<\/blockquote>\n<hr \/>\n<p>Durante el mes de mayo se han realizado una serie de actuaciones, coordinadas por el Plan de Igualdad, para conmemorar el d\u00eda 17 de mayo, d\u00eda contra la LGTBfobia. Se propusieron actividades para tutor\u00eda, como fue el visionado del v\u00eddeo El Vestido Nuevo con un cuestionario y el Taller on line de Derechos humanos y diversidad LGTBI+, impartido por Felix-Jarawa.<\/p>\n<p>Tambi\u00e9n se ha realizado el taller de arteterapia llamado:<b>\u00a0Soy yo, soy libre<\/b>.\u00a0Con este taller,\u00a0 alumnado de 4\u00ba de ESO y primero de Bachillerato ha reflexionado acerca de la m\u00faltiple expresi\u00f3n de la realidad afectivo-sexual humana, desde una perspectiva respetuosa, inclusiva y libre. Para ello se\u00a0 ha realizado en clase de Filosof\u00eda y en la de\u00a0 Antropolog\u00eda y Sociolog\u00eda una actividad con la que se fij\u00f3 la atenci\u00f3n en diferentes conceptos relacionados con este tema (gay, lesbiana, intersexual, hererosexual\u2026.libertad, respeto, amor, amabilidad\u2026),<\/p>\n<p>Primero se analiz\u00f3 el significado de los diferentes t\u00e9rminos, luego (eligiendo uno o dos conceptos) se representaron en cartulinas del color del arco\u00edris, desde la atenci\u00f3n, la calma, el cuidado, la empat\u00eda\u2026. En tercer lugar, se realiz\u00f3 el cartel con el lema: Soy yo, soy libre. Por \u00faltimo, se concluy\u00f3 con una reflexi\u00f3n acerca de c\u00f3mo se han sentido durante la realizaci\u00f3n del taller..<\/p>\n<p>El resultado de todo este proceso queda expuesto en un mural en el m\u00f3dulo 4 para que alumnado y profesorado puedan conocerlo y compartirlo.<\/p>\n<p><a href=\"https:\/\/www.maralboran.eu\/imagevuex3\/Cursos\/2022-2023\/soy-yo-soy-libre\/\" target=\"_blank\" rel=\"noopener\"><img loading=\"lazy\" decoding=\"async\" class=\"alignnone wp-image-9510 size-full\" src=\"https:\/\/i0.wp.com\/maralboran.eu\/wp-content\/uploads\/2022\/11\/GALERIA-removebg-preview-e1669109319953.png?resize=100%2C100&amp;ssl=1\" sizes=\"auto, (max-width: 100px) 100vw, 100px\" srcset=\"https:\/\/i0.wp.com\/maralboran.eu\/wp-content\/uploads\/2022\/11\/GALERIA-removebg-preview-e1669109319953.png?w=100&amp;ssl=1 100w, https:\/\/i0.wp.com\/maralboran.eu\/wp-content\/uploads\/2022\/11\/GALERIA-removebg-preview-e1669109319953.png?resize=80%2C80&amp;ssl=1 80w\" alt=\"\" width=\"100\" height=\"100\" \/><\/a><\/p>\n","protected":false},"excerpt":{"rendered":"<p>ACTIVIDADES CONTRA LA LGTB-FOBIA Durante el mes de mayo se han realizado una serie de actuaciones, coordinadas por el Plan de Igualdad, para conmemorar el d\u00eda 17 de mayo, d\u00eda contra la LGTBfobia. Se propusieron actividades para tutor\u00eda, como fue&#46;&#46;&#46;<\/p>\n","protected":false},"author":1,"featured_media":1658,"comment_status":"closed","ping_status":"closed","sticky":false,"template":"","format":"standard","meta":{"_price":"","_stock":"","_tribe_ticket_header":"","_tribe_default_ticket_provider":"","_tribe_ticket_capacity":"","_ticket_start_date":"","_ticket_end_date":"","_tribe_ticket_show_description":"","_tribe_ticket_show_not_going":false,"_tribe_ticket_use_global_stock":"","_tribe_ticket_global_stock_level":"","_global_stock_mode":"","_global_stock_cap":"","_tribe_rsvp_for_event":"","_tribe_ticket_going_count":"","_tribe_ticket_not_going_count":"","_tribe_tickets_list":"[]","_tribe_ticket_has_attendee_info_fields":false,"_kadence_starter_templates_imported_post":false,"footnotes":""},"categories":[56],"tags":[],"class_list":["post-1657","post","type-post","status-publish","format-standard","has-post-thumbnail","hentry","category-lgtbiq"],"gutentor_comment":0,"featured_image_src":"https:\/\/maralboran.eu\/coeducacion\/wp-content\/uploads\/sites\/6\/2023\/05\/Diseno-sin-titulo-600x400.png","featured_image_src_square":"https:\/\/maralboran.eu\/coeducacion\/wp-content\/uploads\/sites\/6\/2023\/05\/Diseno-sin-titulo-600x500.png","author_info":{"display_name":"administrador","author_link":"https:\/\/maralboran.eu\/coeducacion\/author\/administrador\/"},"_links":{"self":[{"href":"https:\/\/maralboran.eu\/coeducacion\/wp-json\/wp\/v2\/posts\/1657","targetHints":{"allow":["GET"]}}],"collection":[{"href":"https:\/\/maralboran.eu\/coeducacion\/wp-json\/wp\/v2\/posts"}],"about":[{"href":"https:\/\/maralboran.eu\/coeducacion\/wp-json\/wp\/v2\/types\/post"}],"author":[{"embeddable":true,"href":"https:\/\/maralboran.eu\/coeducacion\/wp-json\/wp\/v2\/users\/1"}],"replies":[{"embeddable":true,"href":"https:\/\/maralboran.eu\/coeducacion\/wp-json\/wp\/v2\/comments?post=1657"}],"version-history":[{"count":0,"href":"https:\/\/maralboran.eu\/coeducacion\/wp-json\/wp\/v2\/posts\/1657\/revisions"}],"wp:featuredmedia":[{"embeddable":true,"href":"https:\/\/maralboran.eu\/coeducacion\/wp-json\/wp\/v2\/media\/1658"}],"wp:attachment":[{"href":"https:\/\/maralboran.eu\/coeducacion\/wp-json\/wp\/v2\/media?parent=1657"}],"wp:term":[{"taxonomy":"category","embeddable":true,"href":"https:\/\/maralboran.eu\/coeducacion\/wp-json\/wp\/v2\/categories?post=1657"},{"taxonomy":"post_tag","embeddable":true,"href":"https:\/\/maralboran.eu\/coeducacion\/wp-json\/wp\/v2\/tags?post=1657"}],"curies":[{"name":"wp","href":"https:\/\/api.w.org\/{rel}","templated":true}]}}