{"id":1027,"date":"2021-10-27T17:12:17","date_gmt":"2021-10-27T17:12:17","guid":{"rendered":"https:\/\/maralboran.eu\/coeducacion\/?p=1027"},"modified":"2022-01-26T19:21:24","modified_gmt":"2022-01-26T19:21:24","slug":"actividades-25-n-2021-proyecto-vuelo-de-mariposas","status":"publish","type":"post","link":"https:\/\/maralboran.eu\/coeducacion\/2021\/10\/27\/actividades-25-n-2021-proyecto-vuelo-de-mariposas\/","title":{"rendered":"Actividades para el 25N: proyecto \u00abVuelo de mariposas\u00bb"},"content":{"rendered":"\n<p><img loading=\"lazy\" decoding=\"async\" class=\"size-medium wp-image-1031 alignleft\" src=\"http:\/\/maralboran.eu\/coeducacion\/wp-content\/uploads\/sites\/6\/2021\/10\/mujeres-300x298.jpg\" alt=\"\" width=\"300\" height=\"298\" srcset=\"https:\/\/maralboran.eu\/coeducacion\/wp-content\/uploads\/sites\/6\/2021\/10\/mujeres-300x298.jpg 300w, https:\/\/maralboran.eu\/coeducacion\/wp-content\/uploads\/sites\/6\/2021\/10\/mujeres-1024x1017.jpg 1024w, https:\/\/maralboran.eu\/coeducacion\/wp-content\/uploads\/sites\/6\/2021\/10\/mujeres-150x150.jpg 150w, https:\/\/maralboran.eu\/coeducacion\/wp-content\/uploads\/sites\/6\/2021\/10\/mujeres-768x762.jpg 768w, https:\/\/maralboran.eu\/coeducacion\/wp-content\/uploads\/sites\/6\/2021\/10\/mujeres-1536x1525.jpg 1536w, https:\/\/maralboran.eu\/coeducacion\/wp-content\/uploads\/sites\/6\/2021\/10\/mujeres-90x90.jpg 90w, https:\/\/maralboran.eu\/coeducacion\/wp-content\/uploads\/sites\/6\/2021\/10\/mujeres-383x380.jpg 383w, https:\/\/maralboran.eu\/coeducacion\/wp-content\/uploads\/sites\/6\/2021\/10\/mujeres.jpg 1920w\" sizes=\"auto, (max-width: 300px) 100vw, 300px\" \/><span style=\"color: initial; font-size: revert;\">El 25 de Noviembre es el D\u00eda Internacional contra la Violencia de G\u00e9nero. Por desgracia \u00a0nos encontramos de nuevo con la necesidad de denunciar la lacra que supone que muchas mujeres y ni\u00f1as en nuestro pa\u00eds y en el mundo sufran la violencia en m\u00faltiples formas por el hecho de ser mujeres y ni\u00f1as, llegando incluso a acabar con sus vidas.<\/span><\/p>\n<p>\u00a0 \u00a0En este curso proponemos el proyecto <strong><em>Vuelo de Mariposas<\/em><\/strong> para descubrir a las hermanas Mirabal, aquellas extraordinarias mujeres por las que se conmemora el 25 de Noviembre a nivel internacional.<\/p>\n<p>\u00a0 \u00a0Las hermanas Mirabal, Patria, Minerva y Mar\u00eda Teresa, fueron tres valientes mujeres dominicanas que se opusieron a la dictadura de Le\u00f3nidas Trujillo, lo cual tuvo especial repercusi\u00f3n en sus vidas por el hecho de ser mujeres.<\/p>\n<p>\u00a0 \u00a0<em>Las Mariposas<\/em> fue el nombre que adoptaron en la clandestinidad y resulta muy inspirador por\u00a0 lo que represent\u00f3\u00a0\u00a0 para su pueblo: transformaci\u00f3n,\u00a0 libertad,\u00a0 belleza y\u00a0 vida. Un mensaje que queremos hacer nuestro para tratar esta efem\u00e9rides reivindicando la transformaci\u00f3n que es necesaria por parte de la sociedad en su conjunto.<\/p>\n<p>\u00a0 \u00a0Consideramos que es necesario\u00a0 hablar un nuevo lenguaje en las relaciones, un cambio en el lugar que\u00a0 ocupan las mujeres que suponga un empoderamiento de las mismas, y en el lugar que ocupan los hombres, acabando con los patrones patriarcales y machistas, apelando a otra masculinidad m\u00e1s sensible y emp\u00e1tica, desde el respeto, el amor y el di\u00e1logo.<\/p>\n<p>\u00a0 \u00a0Dos de las hermanas, Minerva y Mar\u00eda Teresa, fueron encarceladas, violadas y torturadas en varias ocasiones. A pesar de estas situaciones, continuaron en su lucha por terminar con la dictadura. Despu\u00e9s de varios encarcelamientos, Trujillo decidi\u00f3 terminar con las hermanas. El 25 de noviembre de 1960 fueron secuestradas y asesinadas \u00a0para luego introducir los cuerpos en su coche y simular un accidente de tr\u00e1fico.<\/p>\n<p style=\"text-align: center;\">\u00a0 \u00a0En honor a estas valientes mujeres, cada <strong>25 de noviembre<\/strong> se conmemora el\u00a0<\/p>\n<p style=\"text-align: center;\"><a href=\"https:\/\/es.wikipedia.org\/wiki\/D%C3%ADa_Internacional_de_la_Eliminaci%C3%B3n_de_la_Violencia_contra_la_Mujer\">D\u00eda Internacional de la No Violencia Contra la Mujer<\/a>\u00a0.<\/p>\n<p>\u00a0 \u00a0Siguiendo el modelo de lealtad y apoyo mutuo de las hermanas Mirabal, otro concepto que vamos a trabajar es el de sororidad, que refiere la fraternidad entre mujeres. En el contexto del machismo social es necesario que las mujeres y las ni\u00f1as no ejerzan entre ellas la desconfianza, el desprecio y la violencia, sino que encuentren un espacio de comprensi\u00f3n y lealtad necesarias para un cambio que beneficia a tod@s.<\/p>\n<p>\u00a0 \u00a0Hay que indicar tambi\u00e9n que, tanto en bachillerato como en ciclos formativos, se propone profundizar en el concepto de sororidad junto con una reflexi\u00f3n acerca de la violencia de g\u00e9nero a nivel internacional.<\/p>\n<p style=\"text-align: center;\">Aqu\u00ed ten\u00e9is los enlaces para realizar actividades:<\/p>\n<p style=\"text-align: center;\"><a href=\"https:\/\/docs.google.com\/document\/d\/1bnOaRZ486MEPb5jzaCnnY-WoAGiNZgGg\/edit?usp=sharing&amp;ouid=117013062114424690625&amp;rtpof=true&amp;sd=true\">ACTIVIDADES 1\u00ba Y 2\u00ba ESO<\/a><\/p>\n<p style=\"text-align: center;\"><a href=\"https:\/\/docs.google.com\/document\/d\/1_eR0DH82y81YKBf547wYhx2ypSLHvtgi\/edit?usp=sharing&amp;ouid=117013062114424690625&amp;rtpof=true&amp;sd=true\">ACTIVIDADES 3\u00ba Y 4\u00ba ESO<\/a><\/p>\n<p style=\"text-align: center;\"><a href=\"https:\/\/docs.google.com\/document\/d\/1UD5D6yrSAU8rxmJbobUxFtG3FD2Xit4Y\/edit?usp=sharing&amp;ouid=117013062114424690625&amp;rtpof=true&amp;sd=true\">ACTIVIDADES BACHILLERATO Y CICLOS<\/a><\/p>\n<p>\u00a0<\/p>\n<p>\u00a0 \u00a0En este curso \u00a0vamos a contar con una charla muy especial realizada por la exalumna del centro para todo el alumnado de 1\u00ba de Bachillerato. Sufri\u00f3 violencia de g\u00e9nero cuando fue alumna de\u00a0 Bachillerato.\u00a0 Ella es un ejemplo de superaci\u00f3n al librarse de esta situaci\u00f3n a trav\u00e9s de la escritura. Ahora es autora de cinco libros publicados y est\u00e1 inmersa en muchos proyectos internacionales y de compromiso con el medioambiente.<\/p>\n<p>\u00a0<\/p>\n<p>Para profundizar m\u00e1s en la historia de las hermanas Mirabal se pueden ver las pel\u00edculas:<\/p>\n<p><em>En el tiempo de las mariposas:<\/em> <a href=\"https:\/\/www.youtube.com\/watch?v=edQAJM7uCyE&amp;t=479s\">https:\/\/www.youtube.com\/watch?v=edQAJM7uCyE&amp;t=479s<\/a><\/p>\n<p><em>Tr\u00f3pico de sangre<\/em>: <a href=\"https:\/\/www.youtube.com\/watch?v=2l6g69eZh30\">https:\/\/www.youtube.com\/watch?v=2l6g69eZh30<\/a><\/p>\n<p>\u00a0<\/p>\n<p style=\"text-align: center;\"><span style=\"color: #993366;\"><em><strong>MUCHAS GRACIAS<\/strong><\/em><\/span><\/p>\n<p>\u00a0<\/p>\n\n\n\n\n","protected":false},"excerpt":{"rendered":"<p>El 25 de Noviembre es el D\u00eda Internacional contra la Violencia de G\u00e9nero. Por desgracia \u00a0nos encontramos de nuevo con la necesidad de denunciar la lacra que supone que muchas mujeres y ni\u00f1as en nuestro pa\u00eds y en el mundo&#46;&#46;&#46;<\/p>\n","protected":false},"author":8,"featured_media":1142,"comment_status":"closed","ping_status":"closed","sticky":false,"template":"","format":"standard","meta":{"_price":"","_stock":"","_tribe_ticket_header":"","_tribe_default_ticket_provider":"","_tribe_ticket_capacity":"","_ticket_start_date":"","_ticket_end_date":"","_tribe_ticket_show_description":"","_tribe_ticket_show_not_going":false,"_tribe_ticket_use_global_stock":"","_tribe_ticket_global_stock_level":"","_global_stock_mode":"","_global_stock_cap":"","_tribe_rsvp_for_event":"","_tribe_ticket_going_count":"","_tribe_ticket_not_going_count":"","_tribe_tickets_list":"[]","_tribe_ticket_has_attendee_info_fields":false,"_kadence_starter_templates_imported_post":false,"footnotes":""},"categories":[53],"tags":[],"class_list":["post-1027","post","type-post","status-publish","format-standard","has-post-thumbnail","hentry","category-25n-contra-violencia-machista"],"gutentor_comment":0,"featured_image_src":"https:\/\/maralboran.eu\/coeducacion\/wp-content\/uploads\/sites\/6\/2021\/10\/25ACTIV-600x400.png","featured_image_src_square":"https:\/\/maralboran.eu\/coeducacion\/wp-content\/uploads\/sites\/6\/2021\/10\/25ACTIV-600x500.png","author_info":{"display_name":"coeducacion","author_link":"https:\/\/maralboran.eu\/coeducacion\/author\/coeducacion\/"},"_links":{"self":[{"href":"https:\/\/maralboran.eu\/coeducacion\/wp-json\/wp\/v2\/posts\/1027","targetHints":{"allow":["GET"]}}],"collection":[{"href":"https:\/\/maralboran.eu\/coeducacion\/wp-json\/wp\/v2\/posts"}],"about":[{"href":"https:\/\/maralboran.eu\/coeducacion\/wp-json\/wp\/v2\/types\/post"}],"author":[{"embeddable":true,"href":"https:\/\/maralboran.eu\/coeducacion\/wp-json\/wp\/v2\/users\/8"}],"replies":[{"embeddable":true,"href":"https:\/\/maralboran.eu\/coeducacion\/wp-json\/wp\/v2\/comments?post=1027"}],"version-history":[{"count":0,"href":"https:\/\/maralboran.eu\/coeducacion\/wp-json\/wp\/v2\/posts\/1027\/revisions"}],"wp:featuredmedia":[{"embeddable":true,"href":"https:\/\/maralboran.eu\/coeducacion\/wp-json\/wp\/v2\/media\/1142"}],"wp:attachment":[{"href":"https:\/\/maralboran.eu\/coeducacion\/wp-json\/wp\/v2\/media?parent=1027"}],"wp:term":[{"taxonomy":"category","embeddable":true,"href":"https:\/\/maralboran.eu\/coeducacion\/wp-json\/wp\/v2\/categories?post=1027"},{"taxonomy":"post_tag","embeddable":true,"href":"https:\/\/maralboran.eu\/coeducacion\/wp-json\/wp\/v2\/tags?post=1027"}],"curies":[{"name":"wp","href":"https:\/\/api.w.org\/{rel}","templated":true}]}}