{"id":144,"date":"2024-02-02T08:57:43","date_gmt":"2024-02-02T07:57:43","guid":{"rendered":"https:\/\/maralboran.eu\/cdd\/?p=144"},"modified":"2024-02-02T08:57:45","modified_gmt":"2024-02-02T07:57:45","slug":"educar-para-la-igualdad-nuevo-curso-intef","status":"publish","type":"post","link":"https:\/\/maralboran.eu\/cdd\/2024\/02\/02\/educar-para-la-igualdad-nuevo-curso-intef\/","title":{"rendered":"\u201cEducar para la igualdad\u201d, nuevo curso INTEF"},"content":{"rendered":"\n<table border=\"0\" width=\"100%\" cellspacing=\"0\" cellpadding=\"0\" align=\"center\">\n<tbody>\n<tr>\n<td>\n<blockquote>\n<h1>Bolet\u00edn AprendeINTEF<\/h1>\n<\/blockquote>\n<\/td>\n<\/tr>\n<tr>\n<td><center><\/center><center><\/center><center><img decoding=\"async\" class=\"CToWUd a6T\" tabindex=\"0\" src=\"https:\/\/ci3.googleusercontent.com\/meips\/ADKq_NZ0QrSkQfhucSvjBC64FvkPK7M2TZjV2zSNOaIdJs0r57J1NlX61Avrc9zMxQNXyYAhubrR_nzIOdV9L--_725suPErx-n_b5ze0VNN1Xu0Qpl-ytqRD4p2KG40sLve8_twVrFaCFKPTWOo2y2NN5wx59KqHxLtug8Y8ZD0Y9wfKZsHYj4SByQ-Pg=s0-d-e1-ft#https:\/\/enlinea.intef.es\/asset-v1:INTEF+EducaIguales+2024_T3+type@asset+block@Tweetcard_EducaIguales__3%C2%AAed___1_.png\" alt=\"\" width=\"\" height=\"290\" data-bit=\"iit\" \/><\/center><hr \/>\n<p>El\u00a0<strong>pr\u00f3ximo martes 6 de febrero<\/strong>\u00a0comienza la tercera edici\u00f3n del\u00a0<a href=\"https:\/\/enlinea.intef.es\/courses\/course-v1:INTEF+EducaIguales+2024_T3\/about\" target=\"_blank\" rel=\"noopener\" data-saferedirecturl=\"https:\/\/www.google.com\/url?q=https:\/\/enlinea.intef.es\/courses\/course-v1:INTEF%2BEducaIguales%2B2024_T3\/about&amp;source=gmail&amp;ust=1706946168606000&amp;usg=AOvVaw0Po5zp8b9qDgaA3qS052Ax\">MOOC \u201cEducar para la igualdad\u201d.<\/a>\u00a0Esta actividad formativa online es una iniciativa del\u00a0<a href=\"https:\/\/www.inmujeres.gob.es\/\" target=\"_blank\" rel=\"noopener\" data-saferedirecturl=\"https:\/\/www.google.com\/url?q=https:\/\/www.inmujeres.gob.es\/&amp;source=gmail&amp;ust=1706946168606000&amp;usg=AOvVaw1Kvb6eEgqAgBuzU-V_XEg9\">Instituto de las Mujeres,\u00a0<\/a>en colaboraci\u00f3n con el Instituto de Tecnolog\u00edas Educativas y Formaci\u00f3n del Profesorado (<a href=\"https:\/\/intef.es\/\" target=\"_blank\" rel=\"noopener\" data-saferedirecturl=\"https:\/\/www.google.com\/url?q=https:\/\/intef.es\/&amp;source=gmail&amp;ust=1706946168606000&amp;usg=AOvVaw0KPtG0NukMwJ99-JMjeaqh\">INTEF<\/a>). Su objetivo es dotar de herramientas y estrategias para abordar situaciones de desigualdad en distintos \u00e1mbitos sociales, propiciando una experiencia educativa m\u00e1s equitativa.\u00a0\u00a0<\/p>\n<p>Si te interesan los temas sociales, si buscas consolidar y participar en una sociedad m\u00e1s justa e igualitaria, y defiendes la educaci\u00f3n como el principio fundamental para tal fin, disfrutar\u00e1s este curso.\u00a0\u00a0\u00a0<\/p>\n<p>La formaci\u00f3n tiene un\u00a0<strong>itinerario de 4 m\u00f3dulos<\/strong>\u00a0desde los que se aborda la importancia de la perspectiva de g\u00e9nero para el desarrollo de los ni\u00f1os y las ni\u00f1as. Tal es su calado, que, para acompa\u00f1arte en el aprendizaje, se parte del conocimiento de las desigualdades de g\u00e9nero en el conjunto de la sociedad o el nacimiento y \u00faltimos avances del movimiento feminista, entre otros, para reflexionar sobre cu\u00e1l es el horizonte que se dibuja y que oportunidades educativas se pueden desarrollar para alcanzar el escenario d\u00f3nde queremos vivir.\u00a0\u00a0<\/p>\n<p>De tal forma, el g\u00e9nero, la educaci\u00f3n sexual, los estereotipos o las nuevas masculinidades son ejes vertebrales del curso. No obstante, queremos ir m\u00e1s all\u00e1 de lo te\u00f3rico, queremos llegar a la acci\u00f3n, por lo que queremos ofrecerte recursos, materiales y actividades que podr\u00e1s llevar directamente a tu pr\u00e1ctica profesional y personal.\u00a0\u00a0\u00a0<\/p>\n<p>Recuerda que tienes\u00a0<strong>hasta el 8 de marzo<\/strong>\u00a0para completar el curso y entregar las actividades que se proponen. La estimaci\u00f3n de carga lectiva es de 5 horas por semana y al finalizar este curso online, tu esfuerzo, inter\u00e9s y dedicaci\u00f3n ser\u00e1 compensado a trav\u00e9s de una\u00a0<strong>insignia digital<\/strong>\u00a0que se almacenar\u00e1 en tu mochila de\u00a0<a href=\"https:\/\/insignias.educacion.es\/\" target=\"_blank\" rel=\"noopener\" data-saferedirecturl=\"https:\/\/www.google.com\/url?q=https:\/\/insignias.educacion.es\/&amp;source=gmail&amp;ust=1706946168606000&amp;usg=AOvVaw26ppy5etD6gOwNsgfm0s1V\"><strong>Insignias INTEF<\/strong><\/a>, desde donde podr\u00e1s compartirla en otros espacios digitales.\u00a0\u00a0<\/p>\n<p>Por \u00faltimo, para que este proceso formativo sea a\u00fan m\u00e1s enriquecedor podr\u00e1s acompa\u00f1arnos en X (anterior Twitter) empleando la etiqueta del curso\u00a0<a href=\"https:\/\/twitter.com\/hashtag\/Educaiguales?src=hashtag_click&amp;f=live\" target=\"_blank\" rel=\"noopener\" data-saferedirecturl=\"https:\/\/www.google.com\/url?q=https:\/\/twitter.com\/hashtag\/Educaiguales?src%3Dhashtag_click%26f%3Dlive&amp;source=gmail&amp;ust=1706946168606000&amp;usg=AOvVaw05fgXA9UHPsog90sXiVrpZ\">#EducaIguales.<\/a>\u00a0\u00a0<\/p>\n<p>Si a\u00fan no te has\u00a0<strong>inscrito, est\u00e1s a tiempo<\/strong>, solo tienes que clicar\u00a0<a href=\"https:\/\/enlinea.intef.es\/courses\/course-v1:INTEF+EducaIguales+2024_T3\/about\" target=\"_blank\" rel=\"noopener\" data-saferedirecturl=\"https:\/\/www.google.com\/url?q=https:\/\/enlinea.intef.es\/courses\/course-v1:INTEF%2BEducaIguales%2B2024_T3\/about&amp;source=gmail&amp;ust=1706946168606000&amp;usg=AOvVaw0Po5zp8b9qDgaA3qS052Ax\"><strong>AQU\u00cd.<\/strong><\/a>\u00a0\u00a0<\/p>\n<p>\u00a1Os esperamos!\u00a0\u00a0<\/p>\n<\/td>\n<\/tr>\n<\/tbody>\n<\/table>\n","protected":false},"excerpt":{"rendered":"<p>Bolet\u00edn AprendeINTEF El\u00a0pr\u00f3ximo martes 6 de febrero\u00a0comienza la tercera edici\u00f3n del\u00a0MOOC \u201cEducar para la igualdad\u201d.\u00a0Esta actividad formativa online es una&#46;&#46;&#46;<\/p>\n","protected":false},"author":1,"featured_media":145,"comment_status":"closed","ping_status":"closed","sticky":false,"template":"","format":"standard","meta":{"_price":"","_stock":"","_tribe_ticket_header":"","_tribe_default_ticket_provider":"","_tribe_ticket_capacity":"","_ticket_start_date":"","_ticket_end_date":"","_tribe_ticket_show_description":"","_tribe_ticket_show_not_going":false,"_tribe_ticket_use_global_stock":"","_tribe_ticket_global_stock_level":"","_global_stock_mode":"","_global_stock_cap":"","_tribe_rsvp_for_event":"","_tribe_ticket_going_count":"","_tribe_ticket_not_going_count":"","_tribe_tickets_list":"[]","_tribe_ticket_has_attendee_info_fields":false,"_kadence_starter_templates_imported_post":false,"footnotes":""},"categories":[2],"tags":[],"class_list":["post-144","post","type-post","status-publish","format-standard","has-post-thumbnail","hentry","category-formacion"],"gutentor_comment":0,"featured_image_src":"https:\/\/maralboran.eu\/cdd\/wp-content\/uploads\/sites\/46\/2024\/02\/Diseno-sin-titulo-600x400.png","featured_image_src_square":"https:\/\/maralboran.eu\/cdd\/wp-content\/uploads\/sites\/46\/2024\/02\/Diseno-sin-titulo-600x500.png","author_info":{"display_name":"administrador","author_link":"https:\/\/maralboran.eu\/cdd\/author\/administrador\/"},"_links":{"self":[{"href":"https:\/\/maralboran.eu\/cdd\/wp-json\/wp\/v2\/posts\/144","targetHints":{"allow":["GET"]}}],"collection":[{"href":"https:\/\/maralboran.eu\/cdd\/wp-json\/wp\/v2\/posts"}],"about":[{"href":"https:\/\/maralboran.eu\/cdd\/wp-json\/wp\/v2\/types\/post"}],"author":[{"embeddable":true,"href":"https:\/\/maralboran.eu\/cdd\/wp-json\/wp\/v2\/users\/1"}],"replies":[{"embeddable":true,"href":"https:\/\/maralboran.eu\/cdd\/wp-json\/wp\/v2\/comments?post=144"}],"version-history":[{"count":1,"href":"https:\/\/maralboran.eu\/cdd\/wp-json\/wp\/v2\/posts\/144\/revisions"}],"predecessor-version":[{"id":146,"href":"https:\/\/maralboran.eu\/cdd\/wp-json\/wp\/v2\/posts\/144\/revisions\/146"}],"wp:featuredmedia":[{"embeddable":true,"href":"https:\/\/maralboran.eu\/cdd\/wp-json\/wp\/v2\/media\/145"}],"wp:attachment":[{"href":"https:\/\/maralboran.eu\/cdd\/wp-json\/wp\/v2\/media?parent=144"}],"wp:term":[{"taxonomy":"category","embeddable":true,"href":"https:\/\/maralboran.eu\/cdd\/wp-json\/wp\/v2\/categories?post=144"},{"taxonomy":"post_tag","embeddable":true,"href":"https:\/\/maralboran.eu\/cdd\/wp-json\/wp\/v2\/tags?post=144"}],"curies":[{"name":"wp","href":"https:\/\/api.w.org\/{rel}","templated":true}]}}