{"id":930,"date":"2023-09-20T13:26:25","date_gmt":"2023-09-20T11:26:25","guid":{"rendered":"https:\/\/maralboran.eu\/biblioteca\/?p=930"},"modified":"2023-09-20T13:26:55","modified_gmt":"2023-09-20T11:26:55","slug":"apertura-de-la-biblioteca","status":"publish","type":"post","link":"https:\/\/maralboran.eu\/biblioteca\/2023\/09\/20\/apertura-de-la-biblioteca\/","title":{"rendered":"Apertura de la Biblioteca"},"content":{"rendered":"\n\n\n<p>Este curso 2023\/2024 la Biblioteca abrir\u00e1 sus puertas para hacer pr\u00e9stamos durante el recreo el pr\u00f3ximo<strong> lunes, 2 de octubre<\/strong>. Por motivos organizativos, <strong>la sala de lectura permanecer\u00e1 cerrada hasta nuevo aviso<\/strong>.\u00a0<\/p>\n\n\n\n\n<figure class=\"wp-block-post-featured-image\"><img loading=\"lazy\" decoding=\"async\" width=\"1080\" height=\"1350\" src=\"https:\/\/maralboran.eu\/biblioteca\/wp-content\/uploads\/sites\/24\/2023\/09\/Post-Instagram-Vertical-Aviso-Importante-Nota-Sencillo-Minimalista-Blanco-Amarillo.jpg\" class=\"attachment-post-thumbnail size-post-thumbnail wp-post-image\" alt=\"\" style=\"object-fit:cover;\" srcset=\"https:\/\/maralboran.eu\/biblioteca\/wp-content\/uploads\/sites\/24\/2023\/09\/Post-Instagram-Vertical-Aviso-Importante-Nota-Sencillo-Minimalista-Blanco-Amarillo.jpg 1080w, https:\/\/maralboran.eu\/biblioteca\/wp-content\/uploads\/sites\/24\/2023\/09\/Post-Instagram-Vertical-Aviso-Importante-Nota-Sencillo-Minimalista-Blanco-Amarillo-240x300.jpg 240w, https:\/\/maralboran.eu\/biblioteca\/wp-content\/uploads\/sites\/24\/2023\/09\/Post-Instagram-Vertical-Aviso-Importante-Nota-Sencillo-Minimalista-Blanco-Amarillo-819x1024.jpg 819w, https:\/\/maralboran.eu\/biblioteca\/wp-content\/uploads\/sites\/24\/2023\/09\/Post-Instagram-Vertical-Aviso-Importante-Nota-Sencillo-Minimalista-Blanco-Amarillo-768x960.jpg 768w\" sizes=\"auto, (max-width: 1080px) 100vw, 1080px\" \/><\/figure>","protected":false},"excerpt":{"rendered":"<p>Este curso 2023\/2024 la Biblioteca abrir\u00e1 sus puertas para hacer pr\u00e9stamos durante el recreo el pr\u00f3ximo lunes, 2 de octubre. Por motivos organizativos, la sala de lectura permanecer\u00e1 cerrada hasta nuevo aviso.\u00a0<\/p>\n","protected":false},"author":10,"featured_media":931,"comment_status":"closed","ping_status":"closed","sticky":false,"template":"","format":"standard","meta":{"_price":"","_stock":"","_tribe_ticket_header":"","_tribe_default_ticket_provider":"","_tribe_ticket_capacity":"","_ticket_start_date":"","_ticket_end_date":"","_tribe_ticket_show_description":"","_tribe_ticket_show_not_going":false,"_tribe_ticket_use_global_stock":"","_tribe_ticket_global_stock_level":"","_global_stock_mode":"","_global_stock_cap":"","_tribe_rsvp_for_event":"","_tribe_ticket_going_count":"","_tribe_ticket_not_going_count":"","_tribe_tickets_list":"[]","_tribe_ticket_has_attendee_info_fields":false,"_kadence_starter_templates_imported_post":false,"footnotes":""},"categories":[1],"tags":[],"class_list":["post-930","post","type-post","status-publish","format-standard","has-post-thumbnail","hentry","category-sin-categoria"],"gutentor_comment":0,"featured_image_src":"https:\/\/maralboran.eu\/biblioteca\/wp-content\/uploads\/sites\/24\/2023\/09\/Post-Instagram-Vertical-Aviso-Importante-Nota-Sencillo-Minimalista-Blanco-Amarillo-600x400.jpg","featured_image_src_square":"https:\/\/maralboran.eu\/biblioteca\/wp-content\/uploads\/sites\/24\/2023\/09\/Post-Instagram-Vertical-Aviso-Importante-Nota-Sencillo-Minimalista-Blanco-Amarillo-600x600.jpg","author_info":{"display_name":"biblioteca","author_link":"https:\/\/maralboran.eu\/biblioteca\/author\/biblioteca\/"},"_links":{"self":[{"href":"https:\/\/maralboran.eu\/biblioteca\/wp-json\/wp\/v2\/posts\/930","targetHints":{"allow":["GET"]}}],"collection":[{"href":"https:\/\/maralboran.eu\/biblioteca\/wp-json\/wp\/v2\/posts"}],"about":[{"href":"https:\/\/maralboran.eu\/biblioteca\/wp-json\/wp\/v2\/types\/post"}],"author":[{"embeddable":true,"href":"https:\/\/maralboran.eu\/biblioteca\/wp-json\/wp\/v2\/users\/10"}],"replies":[{"embeddable":true,"href":"https:\/\/maralboran.eu\/biblioteca\/wp-json\/wp\/v2\/comments?post=930"}],"version-history":[{"count":0,"href":"https:\/\/maralboran.eu\/biblioteca\/wp-json\/wp\/v2\/posts\/930\/revisions"}],"wp:featuredmedia":[{"embeddable":true,"href":"https:\/\/maralboran.eu\/biblioteca\/wp-json\/wp\/v2\/media\/931"}],"wp:attachment":[{"href":"https:\/\/maralboran.eu\/biblioteca\/wp-json\/wp\/v2\/media?parent=930"}],"wp:term":[{"taxonomy":"category","embeddable":true,"href":"https:\/\/maralboran.eu\/biblioteca\/wp-json\/wp\/v2\/categories?post=930"},{"taxonomy":"post_tag","embeddable":true,"href":"https:\/\/maralboran.eu\/biblioteca\/wp-json\/wp\/v2\/tags?post=930"}],"curies":[{"name":"wp","href":"https:\/\/api.w.org\/{rel}","templated":true}]}}