{"id":923,"date":"2022-12-16T09:40:03","date_gmt":"2022-12-16T08:40:03","guid":{"rendered":"https:\/\/maralboran.eu\/biblioteca\/?p=923"},"modified":"2022-12-16T09:40:06","modified_gmt":"2022-12-16T08:40:06","slug":"dia-de-la-lectura-en-andalucia-2022","status":"publish","type":"post","link":"https:\/\/maralboran.eu\/biblioteca\/2022\/12\/16\/dia-de-la-lectura-en-andalucia-2022\/","title":{"rendered":"D\u00eda de la Lectura en Andaluc\u00eda 2022"},"content":{"rendered":"\n<p style=\"text-align: justify\">Hoy, d\u00eda 16 de diciembre de 2022, se celebra el D\u00eda de la Lectura en Andaluc\u00eda, en esta ocasi\u00f3n dedicado a la insigne escritora Fern\u00e1n Caballero.\u00a0<\/p>\n<p style=\"text-align: justify\">Desde el Centro Andaluz de las Letras\u00a0se invita a la lectura, en los centros educativos, bibliotecas p\u00fablicas, clubes de lectura e instituciones culturales y literarias, de la\u00a0<a href=\"https:\/\/www.juntadeandalucia.es\/cultura\/caletras\/content\/alocucion-dia-de-la-lectura-2022\"><strong>alocuci\u00f3n ciudadana<\/strong><\/a>\u00a0elaborada por la escritora\u00a0<strong>Herminia Luque<\/strong>, titulada\u00a0<strong>\u2018La lectura invencible\u2019<\/strong>. Sus emotivas palabras nos acercan al placer de leer:\u00a0<em>\u201cLo verdaderamente asombroso (m\u00e1s, incluso, que la propia invenci\u00f3n de la escritura) es la invenci\u00f3n de la lectura silenciosa. Aquella que, convertida en acto mental, es el delicado producto de nuestra mente; el di\u00e1logo mudo entre nuestro bagaje personal y lo que leemos. Aquella que resuena silenciosamente en nuestro cerebro, que est\u00e1 en \u00e9l y no lo est\u00e1. Porque, con la lectura, atravesamos parajes emocionales insospechados, arribamos a lugares de pensamiento diferentes al nuestro, vislumbramos paisajes po\u00e9ticos deliciosos. Lugares sin lugar que son nuestros en esa fugacidad preciosa e inmarcesible del instante lector\u201d<\/em>, escribe Herminia Luque en la alocuci\u00f3n ciudadana. El\u00a0<a href=\"http:\/\/www.juntadeandalucia.es\/cultura\/caletras\/content\/alocucion-dia-de-la-lectura-2022\">texto completo puede descargarse gratuitamente desde la web del Centro Andaluz de las Letras<\/a>.<\/p>\n<p style=\"text-align: justify\">Entre las actividades conmemorativas dedicadas a la escritora, destaca la\u00a0<a href=\"https:\/\/www.juntadeandalucia.es\/cultura\/caletras\/evento\/93221\/Exposici%C3%B3n%20%60Oculta%20a%20todo%20ojo%20profano%20Cecilia%20B%C3%B6hl,%20Fern%C3%A1n%20Caballero%C2%B4%20en%20M%C3%A1laga\">exposici\u00f3n\u00a0<\/a><strong><a href=\"https:\/\/www.juntadeandalucia.es\/cultura\/caletras\/evento\/93221\/Exposici%C3%B3n%20%60Oculta%20a%20todo%20ojo%20profano%20Cecilia%20B%C3%B6hl,%20Fern%C3%A1n%20Caballero%C2%B4%20en%20M%C3%A1laga\">\u2018Oculta a todo ojo profano. Cecilia B\u00f6hl Larrea, Fern\u00e1n Caballero\u2019<\/a>\u00a0<\/strong>que puede visitarse hasta el 13 de enero de 2023 en la sede del Centro Andaluz de las Letras<strong>\u00a0<\/strong>de lunes a viernes de 9:00 a 15:00 horas.<\/p>\n<p style=\"text-align: justify\">La muestra, comisariada por la profesora Marieta Cantos,<strong>\u00a0<\/strong>anima al p\u00fablico a traspasar el velo del inc\u00f3gnito y esclarecer a lo largo de un recorrido de 15 paneles qui\u00e9n se ocultaba tras el seud\u00f3nimo de Fern\u00e1n Caballero, a conocer los or\u00edgenes de Cecilia B\u00f6hl Larrea y las novedades del mundo que conoci\u00f3, los adelantos t\u00e9cnicos de su tiempo, que afectaron tanto a las comunicaciones como a la circulaci\u00f3n de las noticias y al mundo editorial.<\/p>\n<p style=\"text-align: justify\">Paralelamente, el Centro Andaluz de las Letras pone a disposici\u00f3n de todos los usuarios y usuarias en su web la exposici\u00f3n digital\u00a0<a href=\"https:\/\/www.juntadeandalucia.es\/cultura\/caletras\/content\/exposicion-virtual-oculta-todo-ojo-profano-cecilia-bohl-larrea-fernan-caballero\">\u2018Oculta a todo ojo profano. Cecilia B\u00f6hl Larrea, Fern\u00e1n Caballero\u2019<\/a>\u00a0para difundir la profunda complejidad, dualidad y contradicci\u00f3n de una autora que, en la famosa met\u00e1fora de Jos\u00e9 Fern\u00e1ndez Montesinos, fue \u201cun gran calamar andaluz\u201d por la capacidad para camuflarse en su tinta.<\/p>\n<p style=\"text-align: justify\">\u00a0<\/p>\n<p style=\"text-align: justify\">\u00a1Feliz D\u00eda andaluz de la Lectura!<\/p>\n\n\n\n<div id=\"section-gd75d8a\" class=\"wp-block-gutentor-e6 section-gd75d8a gutentor-element gutentor-element-image\"><div class=\"gutentor-element-image-box\"><div class=\"gutentor-image-thumb\"><img decoding=\"async\" class=\"normal-image\" src=\"https:\/\/maralboran.eu\/biblioteca\/wp-content\/uploads\/sites\/24\/2022\/12\/Cecilia_bohl_de_faber.jpg\" \/><\/div><\/div><\/div>\n","protected":false},"excerpt":{"rendered":"<p>Hoy, d\u00eda 16 de diciembre de 2022, se celebra el D\u00eda de la Lectura en Andaluc\u00eda, en esta ocasi\u00f3n dedicado a la insigne escritora Fern\u00e1n Caballero.\u00a0 Desde el Centro Andaluz de las Letras\u00a0se invita&#46;&#46;&#46;<\/p>\n","protected":false},"author":10,"featured_media":924,"comment_status":"closed","ping_status":"open","sticky":false,"template":"","format":"standard","meta":{"_price":"","_stock":"","_tribe_ticket_header":"","_tribe_default_ticket_provider":"","_tribe_ticket_capacity":"","_ticket_start_date":"","_ticket_end_date":"","_tribe_ticket_show_description":"","_tribe_ticket_show_not_going":false,"_tribe_ticket_use_global_stock":"","_tribe_ticket_global_stock_level":"","_global_stock_mode":"","_global_stock_cap":"","_tribe_rsvp_for_event":"","_tribe_ticket_going_count":"","_tribe_ticket_not_going_count":"","_tribe_tickets_list":"[]","_tribe_ticket_has_attendee_info_fields":false,"_kadence_starter_templates_imported_post":false,"footnotes":""},"categories":[1],"tags":[],"class_list":["post-923","post","type-post","status-publish","format-standard","has-post-thumbnail","hentry","category-sin-categoria"],"gutentor_comment":0,"featured_image_src":"https:\/\/maralboran.eu\/biblioteca\/wp-content\/uploads\/sites\/24\/2022\/12\/Cecilia_bohl_de_faber-600x400.jpg","featured_image_src_square":"https:\/\/maralboran.eu\/biblioteca\/wp-content\/uploads\/sites\/24\/2022\/12\/Cecilia_bohl_de_faber-600x600.jpg","author_info":{"display_name":"biblioteca","author_link":"https:\/\/maralboran.eu\/biblioteca\/author\/biblioteca\/"},"_links":{"self":[{"href":"https:\/\/maralboran.eu\/biblioteca\/wp-json\/wp\/v2\/posts\/923","targetHints":{"allow":["GET"]}}],"collection":[{"href":"https:\/\/maralboran.eu\/biblioteca\/wp-json\/wp\/v2\/posts"}],"about":[{"href":"https:\/\/maralboran.eu\/biblioteca\/wp-json\/wp\/v2\/types\/post"}],"author":[{"embeddable":true,"href":"https:\/\/maralboran.eu\/biblioteca\/wp-json\/wp\/v2\/users\/10"}],"replies":[{"embeddable":true,"href":"https:\/\/maralboran.eu\/biblioteca\/wp-json\/wp\/v2\/comments?post=923"}],"version-history":[{"count":0,"href":"https:\/\/maralboran.eu\/biblioteca\/wp-json\/wp\/v2\/posts\/923\/revisions"}],"wp:featuredmedia":[{"embeddable":true,"href":"https:\/\/maralboran.eu\/biblioteca\/wp-json\/wp\/v2\/media\/924"}],"wp:attachment":[{"href":"https:\/\/maralboran.eu\/biblioteca\/wp-json\/wp\/v2\/media?parent=923"}],"wp:term":[{"taxonomy":"category","embeddable":true,"href":"https:\/\/maralboran.eu\/biblioteca\/wp-json\/wp\/v2\/categories?post=923"},{"taxonomy":"post_tag","embeddable":true,"href":"https:\/\/maralboran.eu\/biblioteca\/wp-json\/wp\/v2\/tags?post=923"}],"curies":[{"name":"wp","href":"https:\/\/api.w.org\/{rel}","templated":true}]}}