{"id":916,"date":"2022-11-11T18:57:49","date_gmt":"2022-11-11T17:57:49","guid":{"rendered":"https:\/\/maralboran.eu\/biblioteca\/?p=916"},"modified":"2022-11-11T19:00:54","modified_gmt":"2022-11-11T18:00:54","slug":"dia-del-flamenco-2022","status":"publish","type":"post","link":"https:\/\/maralboran.eu\/biblioteca\/2022\/11\/11\/dia-del-flamenco-2022\/","title":{"rendered":"D\u00eda del Flamenco 2022"},"content":{"rendered":"\n<div id=\"section-g3169c3\" class=\"wp-block-gutentor-e6 section-g3169c3 gutentor-element gutentor-element-image\"><div class=\"gutentor-element-image-box\"><div class=\"gutentor-image-thumb\"><img decoding=\"async\" class=\"normal-image\" src=\"https:\/\/maralboran.eu\/biblioteca\/wp-content\/uploads\/sites\/24\/2022\/11\/flamenco-gcbfc62db0_1920.jpg\" \/><\/div><\/div><\/div>\n\n\n\n<p><span style=\"font-weight: 400\">El d\u00eda 16 de noviembre se celebra el <\/span><b>D\u00eda del Flamenco<\/b><span style=\"font-weight: 400\">, que conmemora la declaraci\u00f3n del flamenco como\u00a0 Patrimonio Cultural Inmaterial de la Humanidad de la Unesco\u200b.<\/span><\/p>\n<p>\u00a0<\/p>\n<p><span style=\"font-weight: 400\">Desde Biblioteca queremos colaborar con esta efem\u00e9ride proponiendo una serie de recursos que vinculan el flamenco con nuestras letras.\u00a0<\/span><\/p>\n<p>\u00a0<\/p>\n<p><span style=\"font-weight: 400\">En<\/span><a href=\"https:\/\/www.youtube.com\/watch?v=B0HbuxoeWLU\"><span style=\"font-weight: 400\"> este v\u00eddeo<\/span><\/a><span style=\"font-weight: 400\">, vemos a la gran <\/span><b>Lola Flores<\/b><span style=\"font-weight: 400\"> recitando dos poemas; uno de \u201cCuatro sonetos de amor\u201d de Rafael Le\u00f3n. El segundo es el \u201cSoneto de la dulce queja\u201d. Adjuntamos los textos:\u00a0<\/span><\/p>\n<p>\u00a0<\/p>\n<p><span style=\"font-weight: 400\">III<\/span><\/p>\n<p>\u00a0<\/p>\n<p><span style=\"font-weight: 400\">Otro domingo m\u00e1s sin tu mirada,<\/span><\/p>\n<p><span style=\"font-weight: 400\">dej\u00e1ndome morir junto a la gente<\/span><\/p>\n<p><span style=\"font-weight: 400\">que pasa y que traspasa indiferente<\/span><\/p>\n<p><span style=\"font-weight: 400\">a mi canci\u00f3n de amor desesperada.<\/span><\/p>\n<p>\u00a0<\/p>\n<p><span style=\"font-weight: 400\">Una yegua de celos colorada<\/span><\/p>\n<p><span style=\"font-weight: 400\">corre llena de furia por mi frente<\/span><\/p>\n<p><span style=\"font-weight: 400\">y galopa de oriente hasta occidente<\/span><\/p>\n<p><span style=\"font-weight: 400\">en busca de tu falsa coartada&#8230;<\/span><\/p>\n<p>\u00a0<\/p>\n<p><span style=\"font-weight: 400\">Porque yo s\u00e9 de m\u00e1s que en esta hora<\/span><\/p>\n<p><span style=\"font-weight: 400\">hay alguien que los labios te devora<\/span><\/p>\n<p><span style=\"font-weight: 400\">y comparte la cepas de tu vino.<\/span><\/p>\n<p>\u00a0<\/p>\n<p><span style=\"font-weight: 400\">Mas, como de perderte tengo miedo,<\/span><\/p>\n<p><span style=\"font-weight: 400\">no ahondo en la mara\u00f1a de tu enredo<\/span><\/p>\n<p><span style=\"font-weight: 400\">y comulgo con ruedas de molino.<\/span><\/p>\n<p>\u00a0<\/p>\n<p><span style=\"font-weight: 400\">\u201cCuatro sonetos de amor\u201d &#8211; Rafael de Le\u00f3n<\/span><\/p>\n<p><br \/><br \/><\/p>\n<p><span style=\"font-weight: 400\">Tengo miedo a perder la maravilla<\/span><\/p>\n<p><span style=\"font-weight: 400\">de tus ojos de estatua y el acento<\/span><\/p>\n<p><span style=\"font-weight: 400\">que de noche me pone en la mejilla<\/span><\/p>\n<p><span style=\"font-weight: 400\">la solitaria rosa de tu aliento.<\/span><\/p>\n<p>\u00a0<\/p>\n<p><span style=\"font-weight: 400\">Tengo pena de ser en esta orilla<\/span><\/p>\n<p><span style=\"font-weight: 400\">tronco sin ramas; y lo que m\u00e1s siento<\/span><\/p>\n<p><span style=\"font-weight: 400\">es no tener la flor, pulpa o arcilla,<\/span><\/p>\n<p><span style=\"font-weight: 400\">para el gusano de mi sufrimiento.<\/span><\/p>\n<p>\u00a0<\/p>\n<p><span style=\"font-weight: 400\">Si t\u00fa eres el tesoro oculto m\u00edo,<\/span><\/p>\n<p><span style=\"font-weight: 400\">si eres mi cruz y mi dolor mojado,<\/span><\/p>\n<p><span style=\"font-weight: 400\">si soy el perro de tu se\u00f1or\u00edo,<\/span><\/p>\n<p>\u00a0<\/p>\n<p><span style=\"font-weight: 400\">no me dejes perder lo que he ganado<\/span><\/p>\n<p><span style=\"font-weight: 400\">y decora las aguas de tu r\u00edo<\/span><\/p>\n<p><span style=\"font-weight: 400\">con hojas de mi oto\u00f1o enajenado.<\/span><\/p>\n<p>\u00a0<\/p>\n<p><span style=\"font-weight: 400\">\u201cSoneto de la dulce queja\u201d &#8211; Federico Garc\u00eda Lorca<\/span><\/p>\n<p>\u00a0<\/p>\n<p><span style=\"font-weight: 400\">Otra important\u00edsima figura del flamenco, <\/span><b>Camar\u00f3n de la Isla<\/b><span style=\"font-weight: 400\">, dej\u00f3 para siempre <\/span><a href=\"https:\/\/www.youtube.com\/watch?v=pP6tYLmw3vQ\"><span style=\"font-weight: 400\">su voz <\/span><\/a><span style=\"font-weight: 400\">vinculada a otro gran poema, esta vez de Lorca:<\/span><\/p>\n<p>\u00a0<\/p>\n<p><span style=\"font-weight: 400\">El sue\u00f1o va sobre el tiempo<\/span><\/p>\n<p><span style=\"font-weight: 400\">flotando como un velero.<\/span><\/p>\n<p><span style=\"font-weight: 400\">Nadie puede abrir semillas\u00a0<\/span><\/p>\n<p><span style=\"font-weight: 400\">en el coraz\u00f3n del sue\u00f1o.<\/span><\/p>\n<p>\u00a0<\/p>\n<p><span style=\"font-weight: 400\">\u00a1Ay, c\u00f3mo canta el alba, c\u00f3mo canta!<\/span><\/p>\n<p><span style=\"font-weight: 400\">\u00a1Qu\u00e9 t\u00e9mpanos de hielo azul levanta!<\/span><\/p>\n<p>\u00a0<\/p>\n<p><span style=\"font-weight: 400\">El tiempo va sobre el sue\u00f1o<\/span><\/p>\n<p><span style=\"font-weight: 400\">hundido hasta los cabellos.<\/span><\/p>\n<p><span style=\"font-weight: 400\">Ayer y ma\u00f1ana comen<\/span><\/p>\n<p><span style=\"font-weight: 400\">oscuras flores de duelo.<\/span><\/p>\n<p>\u00a0<\/p>\n<p><span style=\"font-weight: 400\">\u00a1Ay, c\u00f3mo canta la noche, c\u00f3mo canta!<\/span><\/p>\n<p><span style=\"font-weight: 400\">\u00a1Qu\u00e9 espesura de an\u00e9monas levanta!<\/span><\/p>\n<p>\u00a0<\/p>\n<p><span style=\"font-weight: 400\">Sobre la misma columna,<\/span><\/p>\n<p><span style=\"font-weight: 400\">abrazados sue\u00f1o y tiempo,<\/span><\/p>\n<p><span style=\"font-weight: 400\">cruza el gemido del ni\u00f1o,<\/span><\/p>\n<p><span style=\"font-weight: 400\">la lengua rota del viejo.<\/span><\/p>\n<p>\u00a0<\/p>\n<p><span style=\"font-weight: 400\">\u00a1Ay, c\u00f3mo canta el alba, c\u00f3mo canta!<\/span><\/p>\n<p><span style=\"font-weight: 400\">\u00a1Qu\u00e9 espesura de an\u00e9monas levanta!<\/span><\/p>\n<p>\u00a0<\/p>\n<p><span style=\"font-weight: 400\">Y si el sue\u00f1o finge muros<\/span><\/p>\n<p><span style=\"font-weight: 400\">en la llanura del tiempo,<\/span><\/p>\n<p><span style=\"font-weight: 400\">el tiempo le hace creer<\/span><\/p>\n<p><span style=\"font-weight: 400\">que nace en aquel momento.<\/span><\/p>\n<p><span style=\"font-weight: 400\">\u00a1Ay, c\u00f3mo canta la noche, c\u00f3mo canta!<\/span><\/p>\n<p><span style=\"font-weight: 400\">\u00a1Qu\u00e9 t\u00e9mpanos de hielo azul levanta!<\/span><\/p>\n<p>\u00a0<\/p>\n<p><span style=\"font-weight: 400\">(Federico Garc\u00eda Lorca,\u00a0 As\u00ed que pasen cinco a\u00f1os [1933].\u00a0\u00a0<\/span><\/p>\n<p>\u00a0<\/p>\n<p><span style=\"font-weight: 400\">En Obras completas, Tomo II. Ed. Aguilar, 1986, 22\u00aa ed.,<\/span><\/p>\n<ol>\n<li><span style=\"font-weight: 400\"> 560-561)<\/span><\/li>\n<\/ol>\n<p>\u00a0<\/p>\n<p><span style=\"font-weight: 400\">La relaci\u00f3n entre el flamenco y la poes\u00eda es estrecha, puesto que el cante jondo es un magn\u00edfico veh\u00edculo para la trasmisi\u00f3n de emociones. Un \u00faltimo ejemplo, tambi\u00e9n a partir de un poema de Federico Garc\u00eda Lorca. <\/span><b>Silvia P\u00e9rez Cruz<\/b><span style=\"font-weight: 400\"> consigue que las palabras del poeta granadino se claven en el alma con<\/span><a href=\"https:\/\/www.youtube.com\/watch?v=pP6tYLmw3vQ\"><span style=\"font-weight: 400\"> esta sentida interpretaci\u00f3n<\/span><\/a><span style=\"font-weight: 400\">. He aqu\u00ed el texto original de Lorca:\u00a0<\/span><\/p>\n<p>\u00a0<\/p>\n<p><span style=\"font-weight: 400\">En Viena hay diez muchachas,<\/span><\/p>\n<p><span style=\"font-weight: 400\">un hombro donde solloza la muerte<\/span><\/p>\n<p><span style=\"font-weight: 400\">y un bosque de palomas disecadas.<\/span><\/p>\n<p><span style=\"font-weight: 400\">Hay un fragmento de la ma\u00f1ana<\/span><\/p>\n<p><span style=\"font-weight: 400\">en el museo de la escarcha.<\/span><\/p>\n<p><span style=\"font-weight: 400\">Hay un sal\u00f3n con mil ventanas.<\/span><\/p>\n<p><span style=\"font-weight: 400\">\u00a1Ay, ay, ay, ay!<\/span><\/p>\n<p><span style=\"font-weight: 400\">Toma este vals con la boca cerrada.<\/span><\/p>\n<p>\u00a0<\/p>\n<p><span style=\"font-weight: 400\">Este vals, este vals, este vals,<\/span><\/p>\n<p><span style=\"font-weight: 400\">de s\u00ed, de muerte y de co\u00f1ac<\/span><\/p>\n<p><span style=\"font-weight: 400\">que moja su cola en el mar.<\/span><\/p>\n<p>\u00a0<\/p>\n<p><span style=\"font-weight: 400\">Te quiero, te quiero, te quiero,<\/span><\/p>\n<p><span style=\"font-weight: 400\">con la butaca y el libro muerto,<\/span><\/p>\n<p><span style=\"font-weight: 400\">por el melanc\u00f3lico pasillo,<\/span><\/p>\n<p><span style=\"font-weight: 400\">en el oscuro desv\u00e1n del lirio,<\/span><\/p>\n<p><span style=\"font-weight: 400\">en nuestra cama de la luna<\/span><\/p>\n<p><span style=\"font-weight: 400\">y en la danza que sue\u00f1a la tortuga.<\/span><\/p>\n<p><span style=\"font-weight: 400\">\u00a1Ay, ay, ay, ay!<\/span><\/p>\n<p><span style=\"font-weight: 400\">Toma este vals de quebrada cintura.<\/span><\/p>\n<p>\u00a0<\/p>\n<p><span style=\"font-weight: 400\">En Viena hay cuatro espejos<\/span><\/p>\n<p><span style=\"font-weight: 400\">donde juegan tu boca y los ecos.<\/span><\/p>\n<p><span style=\"font-weight: 400\">Hay una muerte para piano<\/span><\/p>\n<p><span style=\"font-weight: 400\">que pinta de azul a los muchachos.<\/span><\/p>\n<p><span style=\"font-weight: 400\">Hay mendigos por los tejados.<\/span><\/p>\n<p><span style=\"font-weight: 400\">Hay frescas guirnaldas de llanto.<\/span><\/p>\n<p><span style=\"font-weight: 400\">\u00a1Ay, ay, ay, ay!<\/span><\/p>\n<p><span style=\"font-weight: 400\">Toma este vals que se muere en mis brazos.<\/span><\/p>\n<p>\u00a0<\/p>\n<p><span style=\"font-weight: 400\">Porque te quiero, te quiero, amor m\u00edo,<\/span><\/p>\n<p><span style=\"font-weight: 400\">en el desv\u00e1n donde juegan los ni\u00f1os,<\/span><\/p>\n<p><span style=\"font-weight: 400\">so\u00f1ando viejas luces de Hungr\u00eda<\/span><\/p>\n<p><span style=\"font-weight: 400\">por los rumores de la tarde tibia,<\/span><\/p>\n<p><span style=\"font-weight: 400\">viendo ovejas y lirios de nieve<\/span><\/p>\n<p><span style=\"font-weight: 400\">por el silencio oscuro de tu frente.<\/span><\/p>\n<p><span style=\"font-weight: 400\">\u00a1Ay, ay, ay, ay!<\/span><\/p>\n<p><span style=\"font-weight: 400\">Toma este vals del \u00abTe quiero siempre\u00bb.<\/span><\/p>\n<p>\u00a0<\/p>\n<p><span style=\"font-weight: 400\">En Viena bailar\u00e9 contigo<\/span><\/p>\n<p><span style=\"font-weight: 400\">con un disfraz que tenga<\/span><\/p>\n<p><span style=\"font-weight: 400\">cabeza de r\u00edo.<\/span><\/p>\n<p><span style=\"font-weight: 400\">\u00a1Mira qu\u00e9 orilla tengo de jacintos!<\/span><\/p>\n<p><span style=\"font-weight: 400\">Dejar\u00e9 mi boca entre tus piernas,<\/span><\/p>\n<p><span style=\"font-weight: 400\">mi alma en fotograf\u00edas y azucenas,<\/span><\/p>\n<p><span style=\"font-weight: 400\">y en las ondas oscuras de tu andar<\/span><\/p>\n<p><span style=\"font-weight: 400\">quiero, amor m\u00edo, amor m\u00edo, dejar,<\/span><\/p>\n<p><span style=\"font-weight: 400\">viol\u00edn y sepulcro, las cintas del vals.\u00a0<\/span><\/p>\n<p>\u00a0<\/p>\n<p><span style=\"font-weight: 400\">\u201cPeque\u00f1o vals vien\u00e9s\u201d<\/span><\/p>\n<p><span style=\"font-weight: 400\">Federico Garc\u00eda Lorca<\/span><\/p>\n<p><br \/><br \/><\/p>\n<p><span style=\"font-weight: 400\">Si quieres conocer m\u00e1s sobre la historia de una de nuestras m\u00e1s importantes tradiciones, consulta <\/span><a href=\"https:\/\/www.youtube.com\/watch?v=FAmZxoAUJn8\"><span style=\"font-weight: 400\">este enlace<\/span><\/a><span style=\"font-weight: 400\"> para acceder a un completo documental de RTVA.\u00a0\u00a0<\/span><\/p>\n<p>\u00a0<\/p>\n<p><span style=\"font-weight: 400\">Desde la biblioteca, \u00a1feliz D\u00eda del Flamenco!<\/span><\/p>\n","protected":false},"excerpt":{"rendered":"<p>El d\u00eda 16 de noviembre se celebra el D\u00eda del Flamenco, que conmemora la declaraci\u00f3n del flamenco como\u00a0 Patrimonio Cultural Inmaterial de la Humanidad de la Unesco\u200b. \u00a0 Desde Biblioteca queremos colaborar con esta&#46;&#46;&#46;<\/p>\n","protected":false},"author":10,"featured_media":917,"comment_status":"closed","ping_status":"open","sticky":false,"template":"","format":"standard","meta":{"_price":"","_stock":"","_tribe_ticket_header":"","_tribe_default_ticket_provider":"","_tribe_ticket_capacity":"","_ticket_start_date":"","_ticket_end_date":"","_tribe_ticket_show_description":"","_tribe_ticket_show_not_going":false,"_tribe_ticket_use_global_stock":"","_tribe_ticket_global_stock_level":"","_global_stock_mode":"","_global_stock_cap":"","_tribe_rsvp_for_event":"","_tribe_ticket_going_count":"","_tribe_ticket_not_going_count":"","_tribe_tickets_list":"[]","_tribe_ticket_has_attendee_info_fields":false,"_kadence_starter_templates_imported_post":false,"footnotes":""},"categories":[3,4,8],"tags":[30,31],"class_list":["post-916","post","type-post","status-publish","format-standard","has-post-thumbnail","hentry","category-general","category-musica","category-te-recomendamos","tag-flamenco","tag-poesia"],"gutentor_comment":0,"featured_image_src":"https:\/\/maralboran.eu\/biblioteca\/wp-content\/uploads\/sites\/24\/2022\/11\/flamenco-gcbfc62db0_1920-600x400.jpg","featured_image_src_square":"https:\/\/maralboran.eu\/biblioteca\/wp-content\/uploads\/sites\/24\/2022\/11\/flamenco-gcbfc62db0_1920-600x600.jpg","author_info":{"display_name":"biblioteca","author_link":"https:\/\/maralboran.eu\/biblioteca\/author\/biblioteca\/"},"_links":{"self":[{"href":"https:\/\/maralboran.eu\/biblioteca\/wp-json\/wp\/v2\/posts\/916","targetHints":{"allow":["GET"]}}],"collection":[{"href":"https:\/\/maralboran.eu\/biblioteca\/wp-json\/wp\/v2\/posts"}],"about":[{"href":"https:\/\/maralboran.eu\/biblioteca\/wp-json\/wp\/v2\/types\/post"}],"author":[{"embeddable":true,"href":"https:\/\/maralboran.eu\/biblioteca\/wp-json\/wp\/v2\/users\/10"}],"replies":[{"embeddable":true,"href":"https:\/\/maralboran.eu\/biblioteca\/wp-json\/wp\/v2\/comments?post=916"}],"version-history":[{"count":1,"href":"https:\/\/maralboran.eu\/biblioteca\/wp-json\/wp\/v2\/posts\/916\/revisions"}],"predecessor-version":[{"id":921,"href":"https:\/\/maralboran.eu\/biblioteca\/wp-json\/wp\/v2\/posts\/916\/revisions\/921"}],"wp:featuredmedia":[{"embeddable":true,"href":"https:\/\/maralboran.eu\/biblioteca\/wp-json\/wp\/v2\/media\/917"}],"wp:attachment":[{"href":"https:\/\/maralboran.eu\/biblioteca\/wp-json\/wp\/v2\/media?parent=916"}],"wp:term":[{"taxonomy":"category","embeddable":true,"href":"https:\/\/maralboran.eu\/biblioteca\/wp-json\/wp\/v2\/categories?post=916"},{"taxonomy":"post_tag","embeddable":true,"href":"https:\/\/maralboran.eu\/biblioteca\/wp-json\/wp\/v2\/tags?post=916"}],"curies":[{"name":"wp","href":"https:\/\/api.w.org\/{rel}","templated":true}]}}