{"id":698,"date":"2021-06-03T10:40:32","date_gmt":"2021-06-03T08:40:32","guid":{"rendered":"https:\/\/maralboran.eu\/biblioteca\/?p=698"},"modified":"2021-06-03T10:40:36","modified_gmt":"2021-06-03T08:40:36","slug":"festival-de-malaga-2021","status":"publish","type":"post","link":"https:\/\/maralboran.eu\/biblioteca\/2021\/06\/03\/festival-de-malaga-2021\/","title":{"rendered":"Festival de M\u00e1laga 2021"},"content":{"rendered":"\n<p><img loading=\"lazy\" decoding=\"async\" class=\"aligncenter  wp-image-699\" src=\"http:\/\/maralboran.eu\/biblioteca\/wp-content\/uploads\/sites\/24\/2021\/06\/Festival-de-malaga-JPEG-1024x576.jpg\" alt=\"\" width=\"514\" height=\"289\" srcset=\"https:\/\/maralboran.eu\/biblioteca\/wp-content\/uploads\/sites\/24\/2021\/06\/Festival-de-malaga-JPEG-1024x576.jpg 1024w, https:\/\/maralboran.eu\/biblioteca\/wp-content\/uploads\/sites\/24\/2021\/06\/Festival-de-malaga-JPEG-300x169.jpg 300w, https:\/\/maralboran.eu\/biblioteca\/wp-content\/uploads\/sites\/24\/2021\/06\/Festival-de-malaga-JPEG-768x432.jpg 768w, https:\/\/maralboran.eu\/biblioteca\/wp-content\/uploads\/sites\/24\/2021\/06\/Festival-de-malaga-JPEG.jpg 1280w\" sizes=\"auto, (max-width: 514px) 100vw, 514px\" \/><\/p>\n<p>Con mascarillas y \u00a0distancias de seguridad, como en 2020, pero con m\u00e1s ganas que nunca de ver cine espa\u00f1ol, hoy jueves, 4 de junio, arranca la vig\u00e9simo cuarta edici\u00f3n del Festival de M\u00e1laga, que se prolongar\u00e1 hasta el d\u00eda 13.<\/p>\n<p>Si quieres saber m\u00e1s sobre todas las pel\u00edculas, documentales y cortometrajes que se presentar\u00e1n, a concurso, o fuera de \u00e9l, accede a <a href=\"https:\/\/festivaldemalaga.com\/Content\/source\/pdf\/banners\/20210602123846_167_banner_lateral.pdf\"><strong>este enlace<\/strong><\/a>.<\/p>\n<p>Para organizarte, si tienes la suerte de disponer de tiempo para disfrutar alguna de las proyecciones, consulta la agenda <a href=\"https:\/\/festivaldemalaga.com\/Content\/source\/pdf\/banners\/20210602165846_168_banner_lateral.pdf\"><strong>aqu\u00ed<\/strong><\/a>.<\/p>\n<p>Pero no olvides que, incluso si solo dispones de tiempo para darte un pase\u00edto por calle Larios, siempre podr\u00e1s disfrutar de la tradicional exposici\u00f3n dedicada a los art\u00edfices de nuestro cine, que permanecer\u00e1 all\u00ed un a\u00f1o m\u00e1s durante los diez d\u00edas en que se celebra el Festival; la muestra, este a\u00f1o titulada \u2018Cine de cerca\u2019, presenta <a href=\"https:\/\/festivaldemalaga.com\/actividades\/exposiciones\"><strong>obras de Ana Bel\u00e9n Fern\u00e1ndez<\/strong><\/a>.<\/p>\n<p>Y si te interesa la cultura gastron\u00f3mica, la cocina de ra\u00edces, o productos tales como el queso o el aceite de oliva, no olvides que se afianza la secci\u00f3n <a href=\"https:\/\/festivaldemalaga.com\/Content\/source\/pdf\/banners\/20210601125447_169_banner_lateral.pdf\"><strong><em>Cinema Cocina<\/em><\/strong><\/a>, en la que se presentar\u00e1n una quincena de documentales (todas las proyecciones aqu\u00ed incluidas se llevar\u00e1n a cabo en el cine Alb\u00e9niz).<\/p>\n<p>Por \u00faltimo, entre todos los premiados de este a\u00f1o, nos gustar\u00eda destacar, por su ya larga trayectoria y autenticidad, a la actriz jienense <a href=\"https:\/\/festivaldemalaga.com\/premios-y-homenajes\/biznaga-ciudad-del-paraiso\"><strong>Petra Mart\u00ednez<\/strong><\/a>.<\/p>\n<p style=\"text-align: center\"><img loading=\"lazy\" decoding=\"async\" class=\"aligncenter size-full wp-image-701\" src=\"http:\/\/maralboran.eu\/biblioteca\/wp-content\/uploads\/sites\/24\/2021\/06\/Petra-Martinez.png\" alt=\"\" width=\"571\" height=\"169\" srcset=\"https:\/\/maralboran.eu\/biblioteca\/wp-content\/uploads\/sites\/24\/2021\/06\/Petra-Martinez.png 571w, https:\/\/maralboran.eu\/biblioteca\/wp-content\/uploads\/sites\/24\/2021\/06\/Petra-Martinez-300x89.png 300w\" sizes=\"auto, (max-width: 571px) 100vw, 571px\" \/><\/p>\n<p>Aqu\u00ed puedes leer una <a href=\"https:\/\/dfestival.festivaldemalaga.com\/protagonistas\/las-peliculas-espanolas-tienen-un-sello-impecable\"><strong>entrevista<\/strong><\/a> a esta actriz, protagonista de la pel\u00edcula <em><strong>La vida era eso<\/strong><\/em>, que te recomendamos desde nuestra biblioteca.<\/p>\n<p style=\"text-align: center\"><img loading=\"lazy\" decoding=\"async\" class=\"aligncenter  wp-image-700\" src=\"http:\/\/maralboran.eu\/biblioteca\/wp-content\/uploads\/sites\/24\/2021\/06\/la-vida-era-eso.png\" alt=\"\" width=\"323\" height=\"460\" srcset=\"https:\/\/maralboran.eu\/biblioteca\/wp-content\/uploads\/sites\/24\/2021\/06\/la-vida-era-eso.png 414w, https:\/\/maralboran.eu\/biblioteca\/wp-content\/uploads\/sites\/24\/2021\/06\/la-vida-era-eso-211x300.png 211w\" sizes=\"auto, (max-width: 323px) 100vw, 323px\" \/><\/p>\n","protected":false},"excerpt":{"rendered":"<p>Con mascarillas y \u00a0distancias de seguridad, como en 2020, pero con m\u00e1s ganas que nunca de ver cine espa\u00f1ol, hoy jueves, 4 de junio, arranca la vig\u00e9simo cuarta edici\u00f3n del Festival de M\u00e1laga, que&#46;&#46;&#46;<\/p>\n","protected":false},"author":10,"featured_media":699,"comment_status":"closed","ping_status":"open","sticky":false,"template":"","format":"standard","meta":{"_price":"","_stock":"","_tribe_ticket_header":"","_tribe_default_ticket_provider":"","_tribe_ticket_capacity":"","_ticket_start_date":"","_ticket_end_date":"","_tribe_ticket_show_description":"","_tribe_ticket_show_not_going":false,"_tribe_ticket_use_global_stock":"","_tribe_ticket_global_stock_level":"","_global_stock_mode":"","_global_stock_cap":"","_tribe_rsvp_for_event":"","_tribe_ticket_going_count":"","_tribe_ticket_not_going_count":"","_tribe_tickets_list":"[]","_tribe_ticket_has_attendee_info_fields":false,"_kadence_starter_templates_imported_post":false,"footnotes":""},"categories":[8],"tags":[],"class_list":["post-698","post","type-post","status-publish","format-standard","has-post-thumbnail","hentry","category-te-recomendamos"],"gutentor_comment":0,"featured_image_src":"https:\/\/maralboran.eu\/biblioteca\/wp-content\/uploads\/sites\/24\/2021\/06\/Festival-de-malaga-JPEG-600x400.jpg","featured_image_src_square":"https:\/\/maralboran.eu\/biblioteca\/wp-content\/uploads\/sites\/24\/2021\/06\/Festival-de-malaga-JPEG-600x600.jpg","author_info":{"display_name":"biblioteca","author_link":"https:\/\/maralboran.eu\/biblioteca\/author\/biblioteca\/"},"_links":{"self":[{"href":"https:\/\/maralboran.eu\/biblioteca\/wp-json\/wp\/v2\/posts\/698","targetHints":{"allow":["GET"]}}],"collection":[{"href":"https:\/\/maralboran.eu\/biblioteca\/wp-json\/wp\/v2\/posts"}],"about":[{"href":"https:\/\/maralboran.eu\/biblioteca\/wp-json\/wp\/v2\/types\/post"}],"author":[{"embeddable":true,"href":"https:\/\/maralboran.eu\/biblioteca\/wp-json\/wp\/v2\/users\/10"}],"replies":[{"embeddable":true,"href":"https:\/\/maralboran.eu\/biblioteca\/wp-json\/wp\/v2\/comments?post=698"}],"version-history":[{"count":0,"href":"https:\/\/maralboran.eu\/biblioteca\/wp-json\/wp\/v2\/posts\/698\/revisions"}],"wp:featuredmedia":[{"embeddable":true,"href":"https:\/\/maralboran.eu\/biblioteca\/wp-json\/wp\/v2\/media\/699"}],"wp:attachment":[{"href":"https:\/\/maralboran.eu\/biblioteca\/wp-json\/wp\/v2\/media?parent=698"}],"wp:term":[{"taxonomy":"category","embeddable":true,"href":"https:\/\/maralboran.eu\/biblioteca\/wp-json\/wp\/v2\/categories?post=698"},{"taxonomy":"post_tag","embeddable":true,"href":"https:\/\/maralboran.eu\/biblioteca\/wp-json\/wp\/v2\/tags?post=698"}],"curies":[{"name":"wp","href":"https:\/\/api.w.org\/{rel}","templated":true}]}}