{"id":442,"date":"2020-10-19T12:38:06","date_gmt":"2020-10-19T10:38:06","guid":{"rendered":"http:\/\/maralboran.eu\/biblioteca\/?p=442"},"modified":"2020-11-12T10:58:49","modified_gmt":"2020-11-12T09:58:49","slug":"camilo-jose-cela-30-anos-del-nobel","status":"publish","type":"post","link":"https:\/\/maralboran.eu\/biblioteca\/2020\/10\/19\/camilo-jose-cela-30-anos-del-nobel\/","title":{"rendered":"Camilo Jos\u00e9 Cela, 30 a\u00f1os del Nobel"},"content":{"rendered":"\n<p><img loading=\"lazy\" decoding=\"async\" class=\"aligncenter\" src=\"https:\/\/canalhistoria.es\/wp-content\/uploads\/2019\/01\/camilo-jose-cela.jpg\" width=\"272\" height=\"161\" \/><\/p>\n<p>Hoy se celebra el trig\u00e9simo aniversario de la concesi\u00f3n del premio Nobel a Camilo Jos\u00e9 Cela.\u00a0<\/p>\n<p>Tal d\u00eda como hoy hace 30 a\u00f1os, el 19 de octubre de 1989, ocurr\u00eda esto:<\/p>\n<p><a href=\"https:\/\/www.rtve.es\/alacarta\/videos\/personajes-en-el-archivo-de-rtve\/nobel-camilo-jose-cela-recoge-nobel-literatura-1989\/354441\/\">https:\/\/www.rtve.es\/alacarta\/videos\/personajes-en-el-archivo-de-rtve\/nobel-camilo-jose-cela-recoge-nobel-literatura-1989\/354441\/<\/a><\/p>\n","protected":false},"excerpt":{"rendered":"<p>Hoy se celebra el trig\u00e9simo aniversario de la concesi\u00f3n del premio Nobel a Camilo Jos\u00e9 Cela.\u00a0 Tal d\u00eda como hoy hace 30 a\u00f1os, el 19 de octubre de 1989, ocurr\u00eda esto: https:\/\/www.rtve.es\/alacarta\/videos\/personajes-en-el-archivo-de-rtve\/nobel-camilo-jose-cela-recoge-nobel-literatura-1989\/354441\/<\/p>\n","protected":false},"author":10,"featured_media":456,"comment_status":"closed","ping_status":"open","sticky":false,"template":"","format":"standard","meta":{"_price":"","_stock":"","_tribe_ticket_header":"","_tribe_default_ticket_provider":"","_tribe_ticket_capacity":"","_ticket_start_date":"","_ticket_end_date":"","_tribe_ticket_show_description":"","_tribe_ticket_show_not_going":false,"_tribe_ticket_use_global_stock":"","_tribe_ticket_global_stock_level":"","_global_stock_mode":"","_global_stock_cap":"","_tribe_rsvp_for_event":"","_tribe_ticket_going_count":"","_tribe_ticket_not_going_count":"","_tribe_tickets_list":"[]","_tribe_ticket_has_attendee_info_fields":false,"_kadence_starter_templates_imported_post":false,"footnotes":""},"categories":[1],"tags":[],"class_list":["post-442","post","type-post","status-publish","format-standard","has-post-thumbnail","hentry","category-sin-categoria"],"gutentor_comment":1,"featured_image_src":"https:\/\/maralboran.eu\/biblioteca\/wp-content\/uploads\/sites\/24\/2020\/10\/camilo-jose-cela.jpg","featured_image_src_square":"https:\/\/maralboran.eu\/biblioteca\/wp-content\/uploads\/sites\/24\/2020\/10\/camilo-jose-cela.jpg","author_info":{"display_name":"biblioteca","author_link":"https:\/\/maralboran.eu\/biblioteca\/author\/biblioteca\/"},"_links":{"self":[{"href":"https:\/\/maralboran.eu\/biblioteca\/wp-json\/wp\/v2\/posts\/442","targetHints":{"allow":["GET"]}}],"collection":[{"href":"https:\/\/maralboran.eu\/biblioteca\/wp-json\/wp\/v2\/posts"}],"about":[{"href":"https:\/\/maralboran.eu\/biblioteca\/wp-json\/wp\/v2\/types\/post"}],"author":[{"embeddable":true,"href":"https:\/\/maralboran.eu\/biblioteca\/wp-json\/wp\/v2\/users\/10"}],"replies":[{"embeddable":true,"href":"https:\/\/maralboran.eu\/biblioteca\/wp-json\/wp\/v2\/comments?post=442"}],"version-history":[{"count":0,"href":"https:\/\/maralboran.eu\/biblioteca\/wp-json\/wp\/v2\/posts\/442\/revisions"}],"wp:featuredmedia":[{"embeddable":true,"href":"https:\/\/maralboran.eu\/biblioteca\/wp-json\/wp\/v2\/media\/456"}],"wp:attachment":[{"href":"https:\/\/maralboran.eu\/biblioteca\/wp-json\/wp\/v2\/media?parent=442"}],"wp:term":[{"taxonomy":"category","embeddable":true,"href":"https:\/\/maralboran.eu\/biblioteca\/wp-json\/wp\/v2\/categories?post=442"},{"taxonomy":"post_tag","embeddable":true,"href":"https:\/\/maralboran.eu\/biblioteca\/wp-json\/wp\/v2\/tags?post=442"}],"curies":[{"name":"wp","href":"https:\/\/api.w.org\/{rel}","templated":true}]}}