{"id":350,"date":"2019-02-23T19:30:09","date_gmt":"2019-02-23T18:30:09","guid":{"rendered":"https:\/\/maralboran.eu\/biblioteca\/2019\/02\/23\/80-aniversario-de-la-muerte-de-antonio-machado\/"},"modified":"2019-02-23T19:30:09","modified_gmt":"2019-02-23T18:30:09","slug":"80-aniversario-de-la-muerte-de-antonio-machado","status":"publish","type":"post","link":"https:\/\/maralboran.eu\/biblioteca\/2019\/02\/23\/80-aniversario-de-la-muerte-de-antonio-machado\/","title":{"rendered":"80 aniversario de la muerte de Antonio Machado"},"content":{"rendered":"<p>#Antoniomachado #tributoMachado #80a\u00f1ossinMachado #colliure<\/p>\n<div class=\"col-sm-11\" style=\"min-height:1px;padding:0px0px2em;font-family:Lato,sans-serif;font-size:14px;font-style:normal;font-weight:300;letter-spacing:normal;text-align:left\">\n<div class=\"col-lg-10 col-md-10 col-sm-9 col-xs-9 sinopsis\" style=\"min-height:1px;padding:0px;float:unset;width:262.5px\">\n<div class=\"field field-name-body field-type-text-with-summary field-label-hidden\">\n<div class=\"field-items\">\n<div class=\"field-item even\">\n<p style=\"margin:0px0px10px\">Con motivo del D\u00eda Internacional del Libro, el Centro Andaluz de las Letras edit\u00f3 105.000 ejemplares de la antolog\u00eda &#8216;Poemas&#8217;, una selecci\u00f3n de textos de toda la producci\u00f3n literaria de Antonio Machado, elaborada por el poeta Luis Garc\u00eda Montero.<\/p>\n<p style=\"margin:0px\">La publicaci\u00f3n est\u00e1 disponible en formato digital y puede descargarse gratuitamente.<\/p>\n<\/div>\n<\/div>\n<\/div>\n<\/div>\n<\/div>\n<p>Te invitamos a leer esta buena selecci\u00f3n de #Poemas sobre Antonio Machado.<\/p>\n<p>&#8211;&gt; http:\/\/ow.ly\/ReBe50lWo0b<\/p>\n<p><img loading=\"lazy\" decoding=\"async\" src=\"https:\/\/maralboran.eu\/biblioteca\/wp-content\/uploads\/sites\/24\/2019\/02\/fb_img_15509463917192079590918.jpg\" class=\"alignnone wp-image-348 size-full\" width=\"426\" height=\"687\" srcset=\"https:\/\/maralboran.eu\/biblioteca\/wp-content\/uploads\/sites\/24\/2019\/02\/fb_img_15509463917192079590918.jpg 426w, https:\/\/maralboran.eu\/biblioteca\/wp-content\/uploads\/sites\/24\/2019\/02\/fb_img_15509463917192079590918-186x300.jpg 186w\" sizes=\"auto, (max-width: 426px) 100vw, 426px\" \/><\/p>\n","protected":false},"excerpt":{"rendered":"<p>#Antoniomachado #tributoMachado #80a\u00f1ossinMachado #colliure Con motivo del D\u00eda Internacional del Libro, el Centro Andaluz de las Letras edit\u00f3 105.000 ejemplares de la antolog\u00eda &#8216;Poemas&#8217;, una selecci\u00f3n de textos de toda la producci\u00f3n literaria de&#46;&#46;&#46;<\/p>\n","protected":false},"author":10,"featured_media":349,"comment_status":"closed","ping_status":"open","sticky":false,"template":"","format":"standard","meta":{"_price":"","_stock":"","_tribe_ticket_header":"","_tribe_default_ticket_provider":"","_tribe_ticket_capacity":"","_ticket_start_date":"","_ticket_end_date":"","_tribe_ticket_show_description":"","_tribe_ticket_show_not_going":false,"_tribe_ticket_use_global_stock":"","_tribe_ticket_global_stock_level":"","_global_stock_mode":"","_global_stock_cap":"","_tribe_rsvp_for_event":"","_tribe_ticket_going_count":"","_tribe_ticket_not_going_count":"","_tribe_tickets_list":"[]","_tribe_ticket_has_attendee_info_fields":false,"_kadence_starter_templates_imported_post":false,"footnotes":""},"categories":[1],"tags":[],"class_list":["post-350","post","type-post","status-publish","format-standard","has-post-thumbnail","hentry","category-sin-categoria"],"gutentor_comment":0,"featured_image_src":"https:\/\/maralboran.eu\/biblioteca\/wp-content\/uploads\/sites\/24\/2019\/02\/FB_IMG_1550946391719.jpg","featured_image_src_square":"https:\/\/maralboran.eu\/biblioteca\/wp-content\/uploads\/sites\/24\/2019\/02\/FB_IMG_1550946391719.jpg","author_info":{"display_name":"biblioteca","author_link":"https:\/\/maralboran.eu\/biblioteca\/author\/biblioteca\/"},"_links":{"self":[{"href":"https:\/\/maralboran.eu\/biblioteca\/wp-json\/wp\/v2\/posts\/350","targetHints":{"allow":["GET"]}}],"collection":[{"href":"https:\/\/maralboran.eu\/biblioteca\/wp-json\/wp\/v2\/posts"}],"about":[{"href":"https:\/\/maralboran.eu\/biblioteca\/wp-json\/wp\/v2\/types\/post"}],"author":[{"embeddable":true,"href":"https:\/\/maralboran.eu\/biblioteca\/wp-json\/wp\/v2\/users\/10"}],"replies":[{"embeddable":true,"href":"https:\/\/maralboran.eu\/biblioteca\/wp-json\/wp\/v2\/comments?post=350"}],"version-history":[{"count":0,"href":"https:\/\/maralboran.eu\/biblioteca\/wp-json\/wp\/v2\/posts\/350\/revisions"}],"wp:featuredmedia":[{"embeddable":true,"href":"https:\/\/maralboran.eu\/biblioteca\/wp-json\/wp\/v2\/media\/349"}],"wp:attachment":[{"href":"https:\/\/maralboran.eu\/biblioteca\/wp-json\/wp\/v2\/media?parent=350"}],"wp:term":[{"taxonomy":"category","embeddable":true,"href":"https:\/\/maralboran.eu\/biblioteca\/wp-json\/wp\/v2\/categories?post=350"},{"taxonomy":"post_tag","embeddable":true,"href":"https:\/\/maralboran.eu\/biblioteca\/wp-json\/wp\/v2\/tags?post=350"}],"curies":[{"name":"wp","href":"https:\/\/api.w.org\/{rel}","templated":true}]}}