{"id":294,"date":"2018-03-20T19:54:51","date_gmt":"2018-03-20T19:54:51","guid":{"rendered":"http:\/\/maralboran.eu\/biblioteca\/2018\/03\/20\/descubre-al-poeta-observatorio-de-la-lectura-y-el-libro-ministerio-de-educacion-cultura-y-deporte\/"},"modified":"2018-03-20T19:54:51","modified_gmt":"2018-03-20T19:54:51","slug":"descubre-al-poeta-observatorio-de-la-lectura-y-el-libro-ministerio-de-educacion-cultura-y-deporte","status":"publish","type":"post","link":"https:\/\/maralboran.eu\/biblioteca\/2018\/03\/20\/descubre-al-poeta-observatorio-de-la-lectura-y-el-libro-ministerio-de-educacion-cultura-y-deporte\/","title":{"rendered":"Descubre al poeta &#8211; Observatorio de la Lectura y el Libro &#8211; Ministerio de Educaci\u00f3n, Cultura y Deporte"},"content":{"rendered":"<p><img loading=\"lazy\" decoding=\"async\" class=\"alignnone size-full wp-image-292\" src=\"http:\/\/maralboran.eu\/biblioteca\/wp-content\/uploads\/sites\/24\/2018\/03\/img_20180320_133046_802806462126.jpg\" width=\"414\" height=\"518\" srcset=\"https:\/\/maralboran.eu\/biblioteca\/wp-content\/uploads\/sites\/24\/2018\/03\/img_20180320_133046_802806462126.jpg 414w, https:\/\/maralboran.eu\/biblioteca\/wp-content\/uploads\/sites\/24\/2018\/03\/img_20180320_133046_802806462126-240x300.jpg 240w\" sizes=\"auto, (max-width: 414px) 100vw, 414px\" \/><\/p>\n<p>El Observatorio de la Lectura y el Libro, quiere celebrar <b>el D\u00eda de la Poes\u00eda (21 de marzo). <\/b><\/p>\n<p>La iniciativa se llama <b>&#8216;Descubre al poeta&#8217;<\/b> y puede seguirse en Twitter con el hashtag <b>#descubrealpoeta<\/b>.<\/p>\n<p>Se trata de un reto en el que proponen averiguar la identidad de 1 poeta con la ayuda de 8 pistas sobre su vida y obra que iran dando a trav\u00e9s de la cuenta en Twitter <b>@observalibro<\/b>, dos cada d\u00eda, desde hoy y hasta el 23 de marzo.<\/p>\n<p>El 24 y 25 de marzo recordar\u00e1n todas las pistas y se podr\u00e1 participar hasta el 25 de marzo, a las 24:00 horas, enviando tuits a<b> @observalibro<\/b> con la etiqueta<b> #descubrealpoeta<\/b> y el nombre del poeta que hay que descubrir.<\/p>\n<p>Los ganadores, 3 en total, ser\u00e1n elegidos por sorteo entre los participantes que hayan acertado y ser\u00e1n anunciados el 3 de abril. Cada uno recibir\u00e1 un estupendo lote de libros de poes\u00eda.<\/p>\n<p><a href=\"http:\/\/www.mecd.gob.es\/cultura\/areas\/libro\/mc\/observatoriolect\/destacados\/2018\/marzo\/observatorio\/descubre-poeta.html\">http:\/\/www.mecd.gob.es\/cultura\/areas\/libro\/mc\/observatoriolect\/destacados\/2018\/marzo\/observatorio\/descubre-poeta.html<\/a><\/p>\n","protected":false},"excerpt":{"rendered":"<p>El Observatorio de la Lectura y el Libro, quiere celebrar el D\u00eda de la Poes\u00eda (21 de marzo). La iniciativa se llama &#8216;Descubre al poeta&#8217; y puede seguirse en Twitter con el hashtag #descubrealpoeta.&#46;&#46;&#46;<\/p>\n","protected":false},"author":10,"featured_media":292,"comment_status":"closed","ping_status":"open","sticky":false,"template":"","format":"standard","meta":{"_price":"","_stock":"","_tribe_ticket_header":"","_tribe_default_ticket_provider":"","_tribe_ticket_capacity":"","_ticket_start_date":"","_ticket_end_date":"","_tribe_ticket_show_description":"","_tribe_ticket_show_not_going":false,"_tribe_ticket_use_global_stock":"","_tribe_ticket_global_stock_level":"","_global_stock_mode":"","_global_stock_cap":"","_tribe_rsvp_for_event":"","_tribe_ticket_going_count":"","_tribe_ticket_not_going_count":"","_tribe_tickets_list":"[]","_tribe_ticket_has_attendee_info_fields":false,"_kadence_starter_templates_imported_post":false,"footnotes":""},"categories":[1],"tags":[],"class_list":["post-294","post","type-post","status-publish","format-standard","has-post-thumbnail","hentry","category-sin-categoria"],"gutentor_comment":0,"featured_image_src":"https:\/\/maralboran.eu\/biblioteca\/wp-content\/uploads\/sites\/24\/2018\/03\/img_20180320_133046_802806462126.jpg","featured_image_src_square":"https:\/\/maralboran.eu\/biblioteca\/wp-content\/uploads\/sites\/24\/2018\/03\/img_20180320_133046_802806462126.jpg","author_info":{"display_name":"biblioteca","author_link":"https:\/\/maralboran.eu\/biblioteca\/author\/biblioteca\/"},"_links":{"self":[{"href":"https:\/\/maralboran.eu\/biblioteca\/wp-json\/wp\/v2\/posts\/294","targetHints":{"allow":["GET"]}}],"collection":[{"href":"https:\/\/maralboran.eu\/biblioteca\/wp-json\/wp\/v2\/posts"}],"about":[{"href":"https:\/\/maralboran.eu\/biblioteca\/wp-json\/wp\/v2\/types\/post"}],"author":[{"embeddable":true,"href":"https:\/\/maralboran.eu\/biblioteca\/wp-json\/wp\/v2\/users\/10"}],"replies":[{"embeddable":true,"href":"https:\/\/maralboran.eu\/biblioteca\/wp-json\/wp\/v2\/comments?post=294"}],"version-history":[{"count":0,"href":"https:\/\/maralboran.eu\/biblioteca\/wp-json\/wp\/v2\/posts\/294\/revisions"}],"wp:featuredmedia":[{"embeddable":true,"href":"https:\/\/maralboran.eu\/biblioteca\/wp-json\/wp\/v2\/media\/292"}],"wp:attachment":[{"href":"https:\/\/maralboran.eu\/biblioteca\/wp-json\/wp\/v2\/media?parent=294"}],"wp:term":[{"taxonomy":"category","embeddable":true,"href":"https:\/\/maralboran.eu\/biblioteca\/wp-json\/wp\/v2\/categories?post=294"},{"taxonomy":"post_tag","embeddable":true,"href":"https:\/\/maralboran.eu\/biblioteca\/wp-json\/wp\/v2\/tags?post=294"}],"curies":[{"name":"wp","href":"https:\/\/api.w.org\/{rel}","templated":true}]}}