{"id":274,"date":"2018-03-08T21:25:12","date_gmt":"2018-03-08T21:25:12","guid":{"rendered":"http:\/\/maralboran.eu\/biblioteca\/?p=274"},"modified":"2018-03-08T21:25:12","modified_gmt":"2018-03-08T21:25:12","slug":"marcapaginas-de-el-principito","status":"publish","type":"post","link":"https:\/\/maralboran.eu\/biblioteca\/2018\/03\/08\/marcapaginas-de-el-principito\/","title":{"rendered":"Marcap\u00e1ginas de El Principito"},"content":{"rendered":"<p><a href=\"http:\/\/maralboran.eu\/biblioteca\/wp-content\/uploads\/sites\/24\/2018\/03\/Marcap\u00e1ginas-principito.pdf\" target=\"_blank\" rel=\"noopener\"><img loading=\"lazy\" decoding=\"async\" class=\"wp-image-275 alignleft\" title=\"Clic aqu\u00ed para ampliarlo\" src=\"http:\/\/maralboran.eu\/biblioteca\/wp-content\/uploads\/sites\/24\/2018\/03\/Marcap\u00e1ginas-El-Principito_miniatura.jpg\" alt=\"\" width=\"221\" height=\"156\" \/><\/a><\/p>\n<p>Hemos elaborado estos bonitos marcap\u00e1ginas, y queremos compartirlos con vosotros.<\/p>\n<p>Los vamos a utilizar para celebrar el <strong>D\u00eda del Libro<\/strong>.<\/p>\n<p>Este a\u00f1o celebraremos el 75\u00ba aniversario de la publicaci\u00f3n de &#8216;<strong><em>El Principito<\/em><\/strong>&#8216;, la obra m\u00e1s famosa del c\u00e9lebre escritor y aviador <strong>Antoine de Saint-Exup\u00e9ry<\/strong>.<\/p>\n<p>#ElPrincipito #AntoineSantExup\u00e9ry<\/p>\n<p>\u2666 Para saber m\u00e1s:\u00a0<a href=\"https:\/\/goo.gl\/RjKurZ\" target=\"_blank\" rel=\"noopener\">https:\/\/goo.gl\/RjKurZ<\/a><\/p>\n","protected":false},"excerpt":{"rendered":"<p>Hemos elaborado estos bonitos marcap\u00e1ginas, y queremos compartirlos con vosotros. Los vamos a utilizar para celebrar el D\u00eda del Libro. Este a\u00f1o celebraremos el 75\u00ba aniversario de la publicaci\u00f3n de &#8216;El Principito&#8216;, la obra&#46;&#46;&#46;<\/p>\n","protected":false},"author":10,"featured_media":275,"comment_status":"closed","ping_status":"open","sticky":false,"template":"","format":"standard","meta":{"_price":"","_stock":"","_tribe_ticket_header":"","_tribe_default_ticket_provider":"","_tribe_ticket_capacity":"","_ticket_start_date":"","_ticket_end_date":"","_tribe_ticket_show_description":"","_tribe_ticket_show_not_going":false,"_tribe_ticket_use_global_stock":"","_tribe_ticket_global_stock_level":"","_global_stock_mode":"","_global_stock_cap":"","_tribe_rsvp_for_event":"","_tribe_ticket_going_count":"","_tribe_ticket_not_going_count":"","_tribe_tickets_list":"[]","_tribe_ticket_has_attendee_info_fields":false,"_kadence_starter_templates_imported_post":false,"footnotes":""},"categories":[1],"tags":[],"class_list":["post-274","post","type-post","status-publish","format-standard","has-post-thumbnail","hentry","category-sin-categoria"],"gutentor_comment":0,"featured_image_src":"https:\/\/maralboran.eu\/biblioteca\/wp-content\/uploads\/sites\/24\/2018\/03\/Marcap\u00e1ginas-El-Principito_miniatura.jpg","featured_image_src_square":"https:\/\/maralboran.eu\/biblioteca\/wp-content\/uploads\/sites\/24\/2018\/03\/Marcap\u00e1ginas-El-Principito_miniatura.jpg","author_info":{"display_name":"biblioteca","author_link":"https:\/\/maralboran.eu\/biblioteca\/author\/biblioteca\/"},"_links":{"self":[{"href":"https:\/\/maralboran.eu\/biblioteca\/wp-json\/wp\/v2\/posts\/274","targetHints":{"allow":["GET"]}}],"collection":[{"href":"https:\/\/maralboran.eu\/biblioteca\/wp-json\/wp\/v2\/posts"}],"about":[{"href":"https:\/\/maralboran.eu\/biblioteca\/wp-json\/wp\/v2\/types\/post"}],"author":[{"embeddable":true,"href":"https:\/\/maralboran.eu\/biblioteca\/wp-json\/wp\/v2\/users\/10"}],"replies":[{"embeddable":true,"href":"https:\/\/maralboran.eu\/biblioteca\/wp-json\/wp\/v2\/comments?post=274"}],"version-history":[{"count":0,"href":"https:\/\/maralboran.eu\/biblioteca\/wp-json\/wp\/v2\/posts\/274\/revisions"}],"wp:featuredmedia":[{"embeddable":true,"href":"https:\/\/maralboran.eu\/biblioteca\/wp-json\/wp\/v2\/media\/275"}],"wp:attachment":[{"href":"https:\/\/maralboran.eu\/biblioteca\/wp-json\/wp\/v2\/media?parent=274"}],"wp:term":[{"taxonomy":"category","embeddable":true,"href":"https:\/\/maralboran.eu\/biblioteca\/wp-json\/wp\/v2\/categories?post=274"},{"taxonomy":"post_tag","embeddable":true,"href":"https:\/\/maralboran.eu\/biblioteca\/wp-json\/wp\/v2\/tags?post=274"}],"curies":[{"name":"wp","href":"https:\/\/api.w.org\/{rel}","templated":true}]}}