{"id":146,"date":"2018-01-11T13:07:22","date_gmt":"2018-01-11T13:07:22","guid":{"rendered":"http:\/\/maralboran.eu\/biblioteca\/2018\/01\/11\/las-mil-y-una-noches-esto-es-troya\/"},"modified":"2018-01-11T13:07:22","modified_gmt":"2018-01-11T13:07:22","slug":"las-mil-y-una-noches-esto-es-troya","status":"publish","type":"post","link":"https:\/\/maralboran.eu\/biblioteca\/2018\/01\/11\/las-mil-y-una-noches-esto-es-troya\/","title":{"rendered":"Las mil y una noches. Esto es Troya"},"content":{"rendered":"<p><font face=\"trebuchet ms, sans-serif\" style=\"font-size: 12.8px\"><b><\/p>\n<div>Informaci\u00f3n:<\/div>\n<p><\/b><\/font><\/p>\n<p><b>26 de enero de 2018<\/b><\/p>\n<p><font face=\"trebuchet ms, sans-serif\"><b>Sesiones: 18.00 y 20.00<\/b><\/font><font face=\"trebuchet ms, sans-serif\">.<\/font><\/p>\n<p><b><font face=\"trebuchet ms, sans-serif\"> Precio 3 euros.<\/font><\/b><\/p>\n<p><font face=\"trebuchet ms, sans-serif\">Centro cultural \u00ab<\/font><font face=\"trebuchet ms, sans-serif\"><b>Padre Manuel<\/b><\/font><font face=\"trebuchet ms, sans-serif\">\u00ab<\/font><\/p>\n<p><font face=\"trebuchet ms, sans-serif\"> A favor de <\/font><font face=\"trebuchet ms, sans-serif\"><b>Asociaci\u00f3n de familiares de enfermos de A<\/b><\/font><b>lzheimer <\/b>de Estepona.<\/p>\n<p><img decoding=\"async\" src=\"http:\/\/maralboran.eu\/biblioteca\/wp-content\/uploads\/sites\/24\/2018\/01\/lasmilyunanoche001foto1581029691.jpg\" class=\"size-full\"><\/p>\n<p><font face=\"trebuchet ms, sans-serif\"><\/font><\/p>\n<div><font face=\"trebuchet ms, sans-serif\"><b>Sinopsis<\/b><\/font><font face=\"trebuchet ms, sans-serif\">:<\/font><\/div>\n<p><font face=\"trebuchet ms, sans-serif\"><i>Las mil y una noches <\/i><\/font><font face=\"trebuchet ms, sans-serif\">es una c\u00e9lebre recopilaci\u00f3n medieval de cuentos de origen \u00e1rabe donde la protagonista, Sherezade, salva su vida gracias a las historias que cada noche le va contando a Shariar, el temido sult\u00e1n. <\/font><\/p>\n<p><font face=\"trebuchet ms, sans-serif\">Estos relatos ser\u00e1n Simbad el Marino, Aladino y la l\u00e1mpara maravillosa y Ali Bab\u00e1 y los 40 ladrones.<\/font><\/p>\n<p><b><font face=\"trebuchet ms, sans-serif\">Ficha art\u00edstica: <\/font><\/b><font face=\"trebuchet ms, sans-serif\">  <\/font><\/p>\n<p><font face=\"trebuchet ms, sans-serif\">Est\u00e1 interpretado por alumnos de todos los cursos de <\/font><font face=\"trebuchet ms, sans-serif\"><b>Bachillerato<\/b><\/font><font face=\"trebuchet ms, sans-serif\"> y la <\/font><font face=\"trebuchet ms, sans-serif\"><b>ESO<\/b><\/font><font face=\"trebuchet ms, sans-serif\"> del IES Mar de Albor\u00e1n ( aproximadamente unos 35 alumnos entre int\u00e9rpretes y decoradores<\/font>).<\/p>\n","protected":false},"excerpt":{"rendered":"<p>Informaci\u00f3n: 26 de enero de 2018 Sesiones: 18.00 y 20.00. Precio 3 euros. Centro cultural \u00abPadre Manuel\u00ab A favor de Asociaci\u00f3n de familiares de enfermos de Alzheimer de Estepona. Sinopsis: Las mil y una&#46;&#46;&#46;<\/p>\n","protected":false},"author":10,"featured_media":144,"comment_status":"closed","ping_status":"open","sticky":false,"template":"","format":"standard","meta":{"_price":"","_stock":"","_tribe_ticket_header":"","_tribe_default_ticket_provider":"","_tribe_ticket_capacity":"","_ticket_start_date":"","_ticket_end_date":"","_tribe_ticket_show_description":"","_tribe_ticket_show_not_going":false,"_tribe_ticket_use_global_stock":"","_tribe_ticket_global_stock_level":"","_global_stock_mode":"","_global_stock_cap":"","_tribe_rsvp_for_event":"","_tribe_ticket_going_count":"","_tribe_ticket_not_going_count":"","_tribe_tickets_list":"[]","_tribe_ticket_has_attendee_info_fields":false,"_kadence_starter_templates_imported_post":false,"footnotes":""},"categories":[1],"tags":[],"class_list":["post-146","post","type-post","status-publish","format-standard","has-post-thumbnail","hentry","category-sin-categoria"],"gutentor_comment":1,"featured_image_src":"https:\/\/maralboran.eu\/biblioteca\/wp-content\/uploads\/sites\/24\/2018\/01\/lasmilyunanoche001foto1581029691.jpg","featured_image_src_square":"https:\/\/maralboran.eu\/biblioteca\/wp-content\/uploads\/sites\/24\/2018\/01\/lasmilyunanoche001foto1581029691.jpg","author_info":{"display_name":"biblioteca","author_link":"https:\/\/maralboran.eu\/biblioteca\/author\/biblioteca\/"},"_links":{"self":[{"href":"https:\/\/maralboran.eu\/biblioteca\/wp-json\/wp\/v2\/posts\/146","targetHints":{"allow":["GET"]}}],"collection":[{"href":"https:\/\/maralboran.eu\/biblioteca\/wp-json\/wp\/v2\/posts"}],"about":[{"href":"https:\/\/maralboran.eu\/biblioteca\/wp-json\/wp\/v2\/types\/post"}],"author":[{"embeddable":true,"href":"https:\/\/maralboran.eu\/biblioteca\/wp-json\/wp\/v2\/users\/10"}],"replies":[{"embeddable":true,"href":"https:\/\/maralboran.eu\/biblioteca\/wp-json\/wp\/v2\/comments?post=146"}],"version-history":[{"count":0,"href":"https:\/\/maralboran.eu\/biblioteca\/wp-json\/wp\/v2\/posts\/146\/revisions"}],"wp:featuredmedia":[{"embeddable":true,"href":"https:\/\/maralboran.eu\/biblioteca\/wp-json\/wp\/v2\/media\/144"}],"wp:attachment":[{"href":"https:\/\/maralboran.eu\/biblioteca\/wp-json\/wp\/v2\/media?parent=146"}],"wp:term":[{"taxonomy":"category","embeddable":true,"href":"https:\/\/maralboran.eu\/biblioteca\/wp-json\/wp\/v2\/categories?post=146"},{"taxonomy":"post_tag","embeddable":true,"href":"https:\/\/maralboran.eu\/biblioteca\/wp-json\/wp\/v2\/tags?post=146"}],"curies":[{"name":"wp","href":"https:\/\/api.w.org\/{rel}","templated":true}]}}