{"id":80,"date":"2017-12-20T10:44:58","date_gmt":"2017-12-20T10:44:58","guid":{"rendered":"http:\/\/maralboran.eu\/aldea\/?p=80"},"modified":"2017-12-20T10:44:58","modified_gmt":"2017-12-20T10:44:58","slug":"titulo","status":"publish","type":"post","link":"https:\/\/maralboran.eu\/aldea\/2017\/12\/20\/titulo\/","title":{"rendered":"TITULO"},"content":{"rendered":"<p><img loading=\"lazy\" decoding=\"async\" class=\"wp-image-81 size-medium alignleft\" src=\"http:\/\/maralboran.eu\/aldea\/wp-content\/uploads\/sites\/33\/2017\/12\/nota-mini-300x152.jpg\" alt=\"\" width=\"300\" height=\"152\" srcset=\"https:\/\/maralboran.eu\/aldea\/wp-content\/uploads\/sites\/33\/2017\/12\/nota-mini-300x152.jpg 300w, https:\/\/maralboran.eu\/aldea\/wp-content\/uploads\/sites\/33\/2017\/12\/nota-mini.jpg 728w\" sizes=\"auto, (max-width: 300px) 100vw, 300px\" \/>El artista Charles Albert Vergara nos ha obsequiado con un hermoso mural dedicado a la memoria de Pablo R\u00e1ez. La iniciativa ha formado parte de las actividades del Proyecto Solidar\u00edzate.\u00a0 El artista ha manifestado su satisfacci\u00f3n por haber podido contribuir con su arte a este bonito homenaje y a la campa\u00f1a de concienciaci\u00f3n para donar m\u00e9dula. Agradecemos a Albert este gesto solidario.<\/p>\n<p>A continuaci\u00f3n mostramos otro v\u00eddeo homenaje realizado por el alumnado durante sus clases de Educaci\u00f3n f\u00edsica, que proponen una vida saludable en torno al deporte y al trabajo en equipo, claves para superar cualquier reto que nos propo<\/p>\n<p>&nbsp;<\/p>\n<p>ngamos en la vida.BBB<\/p>\n<p>DGBFFFFFFFFFFFFFFFFFFFFFFFFFFFFFFFFFFFFFFFFFF<\/p>\n<p>&nbsp;<\/p>\n<p><a href=\"http:\/\/maralboran.eu\/blog\/2017\/12\/07\/nuevo-mural-en-el-ies-mar-de-alboran-siempre-fuerte\/\">ENLACE A LA WEB DE PRINCIPIA<\/a><\/p>\n<p><iframe loading=\"lazy\" src=\"https:\/\/www.youtube.com\/embed\/VkuRIZ7QyDM?rel=0&amp;showinfo=0\" width=\"560\" height=\"315\" frameborder=\"0\" allowfullscreen=\"allowfullscreen\"><\/iframe><\/p>\n","protected":false},"excerpt":{"rendered":"<p>El artista Charles Albert Vergara nos ha obsequiado con un hermoso mural dedicado a la memoria de Pablo R\u00e1ez. La iniciativa ha formado parte de las actividades del Proyecto Solidar\u00edzate.\u00a0 El artista ha manifestado&#46;&#46;&#46;<\/p>\n","protected":false},"author":1,"featured_media":76,"comment_status":"closed","ping_status":"closed","sticky":false,"template":"","format":"standard","meta":{"_price":"","_stock":"","_tribe_ticket_header":"","_tribe_default_ticket_provider":"","_tribe_ticket_capacity":"","_ticket_start_date":"","_ticket_end_date":"","_tribe_ticket_show_description":"","_tribe_ticket_show_not_going":false,"_tribe_ticket_use_global_stock":"","_tribe_ticket_global_stock_level":"","_global_stock_mode":"","_global_stock_cap":"","_tribe_rsvp_for_event":"","_tribe_ticket_going_count":"","_tribe_ticket_not_going_count":"","_tribe_tickets_list":"[]","_tribe_ticket_has_attendee_info_fields":false,"_kadence_starter_templates_imported_post":false,"footnotes":""},"categories":[2],"tags":[],"class_list":["post-80","post","type-post","status-publish","format-standard","has-post-thumbnail","hentry","category-recapacicla"],"gutentor_comment":0,"featured_image_src":"https:\/\/maralboran.eu\/aldea\/wp-content\/uploads\/sites\/33\/2017\/06\/la-naturaleza-nos-ahabla.jpg","featured_image_src_square":"https:\/\/maralboran.eu\/aldea\/wp-content\/uploads\/sites\/33\/2017\/06\/la-naturaleza-nos-ahabla.jpg","author_info":{"display_name":"administrador","author_link":"https:\/\/maralboran.eu\/aldea\/author\/administrador\/"},"_links":{"self":[{"href":"https:\/\/maralboran.eu\/aldea\/wp-json\/wp\/v2\/posts\/80","targetHints":{"allow":["GET"]}}],"collection":[{"href":"https:\/\/maralboran.eu\/aldea\/wp-json\/wp\/v2\/posts"}],"about":[{"href":"https:\/\/maralboran.eu\/aldea\/wp-json\/wp\/v2\/types\/post"}],"author":[{"embeddable":true,"href":"https:\/\/maralboran.eu\/aldea\/wp-json\/wp\/v2\/users\/1"}],"replies":[{"embeddable":true,"href":"https:\/\/maralboran.eu\/aldea\/wp-json\/wp\/v2\/comments?post=80"}],"version-history":[{"count":0,"href":"https:\/\/maralboran.eu\/aldea\/wp-json\/wp\/v2\/posts\/80\/revisions"}],"wp:featuredmedia":[{"embeddable":true,"href":"https:\/\/maralboran.eu\/aldea\/wp-json\/wp\/v2\/media\/76"}],"wp:attachment":[{"href":"https:\/\/maralboran.eu\/aldea\/wp-json\/wp\/v2\/media?parent=80"}],"wp:term":[{"taxonomy":"category","embeddable":true,"href":"https:\/\/maralboran.eu\/aldea\/wp-json\/wp\/v2\/categories?post=80"},{"taxonomy":"post_tag","embeddable":true,"href":"https:\/\/maralboran.eu\/aldea\/wp-json\/wp\/v2\/tags?post=80"}],"curies":[{"name":"wp","href":"https:\/\/api.w.org\/{rel}","templated":true}]}}