{"id":68,"date":"2017-04-16T21:12:10","date_gmt":"2017-04-16T21:12:10","guid":{"rendered":"http:\/\/maralboran.eu\/aldea\/?p=68"},"modified":"2017-05-25T21:13:36","modified_gmt":"2017-05-25T21:13:36","slug":"i-semana-verde","status":"publish","type":"post","link":"https:\/\/maralboran.eu\/aldea\/2017\/04\/16\/i-semana-verde\/","title":{"rendered":"I Semana Verde"},"content":{"rendered":"<p style=\"text-align: justify;\"><img loading=\"lazy\" decoding=\"async\" class=\"aligncenter wp-image-1122 \" src=\"http:\/\/maralboran.eu\/wp-content\/uploads\/2017\/04\/cartel-semana-verde-001-1024x724.jpg\" width=\"478\" height=\"338\" \/><\/p>\n<p style=\"text-align: justify;\">En el marco del Programa de educaci\u00f3n medioambiental ALDEA, el IES Mar de Albor\u00e1n celebra entre el 3 y el 7 de abril la <strong>Semana Verde<\/strong> con el lema <em><strong>\u201cLos grandes cambios son las sumas de peque\u00f1as decisiones\u201d<\/strong><\/em>. El objetivo es implicar a la toda la comunidad educativa en el fomento de actitudes respetuosas con el medio ambiente y\u00a0 en la reducci\u00f3n, reutilizaci\u00f3n y reciclaje de sus residuos. Con este prop\u00f3sito, durante esas jornadas se organizar\u00e1n numerosas actividades, dirigidas principalmente al alumnado de ESO, como conferencias, talleres de reciclaje, mercadillo de trueque, sesiones informativas, yincana ecol\u00f3gica, etc, \u00a0que pretenden conseguir una mayor concienciaci\u00f3n en la lucha contra los problemas medioambientales.<\/p>\n<p style=\"text-align: justify;\"><a href=\"http:\/\/u70599638@maralboran.com\/clickandbuilds\/noticias%2016-17\/semana%20verde%20programa.pdf\">VER PROGRAMA DE ACTIVIDADES<\/a><\/p>\n","protected":false},"excerpt":{"rendered":"<p>En el marco del Programa de educaci\u00f3n medioambiental ALDEA, el IES Mar de Albor\u00e1n celebra entre el 3 y el 7 de abril la Semana Verde con el lema \u201cLos grandes cambios son las&#46;&#46;&#46;<\/p>\n","protected":false},"author":1,"featured_media":69,"comment_status":"closed","ping_status":"closed","sticky":false,"template":"","format":"standard","meta":{"_price":"","_stock":"","_tribe_ticket_header":"","_tribe_default_ticket_provider":"","_tribe_ticket_capacity":"","_ticket_start_date":"","_ticket_end_date":"","_tribe_ticket_show_description":"","_tribe_ticket_show_not_going":false,"_tribe_ticket_use_global_stock":"","_tribe_ticket_global_stock_level":"","_global_stock_mode":"","_global_stock_cap":"","_tribe_rsvp_for_event":"","_tribe_ticket_going_count":"","_tribe_ticket_not_going_count":"","_tribe_tickets_list":"[]","_tribe_ticket_has_attendee_info_fields":false,"_kadence_starter_templates_imported_post":false,"footnotes":""},"categories":[1],"tags":[],"class_list":["post-68","post","type-post","status-publish","format-standard","has-post-thumbnail","hentry","category-sin-categoria"],"gutentor_comment":0,"featured_image_src":"https:\/\/maralboran.eu\/aldea\/wp-content\/uploads\/sites\/33\/2017\/05\/Miniatura-blog-2.jpg","featured_image_src_square":"https:\/\/maralboran.eu\/aldea\/wp-content\/uploads\/sites\/33\/2017\/05\/Miniatura-blog-2.jpg","author_info":{"display_name":"administrador","author_link":"https:\/\/maralboran.eu\/aldea\/author\/administrador\/"},"_links":{"self":[{"href":"https:\/\/maralboran.eu\/aldea\/wp-json\/wp\/v2\/posts\/68","targetHints":{"allow":["GET"]}}],"collection":[{"href":"https:\/\/maralboran.eu\/aldea\/wp-json\/wp\/v2\/posts"}],"about":[{"href":"https:\/\/maralboran.eu\/aldea\/wp-json\/wp\/v2\/types\/post"}],"author":[{"embeddable":true,"href":"https:\/\/maralboran.eu\/aldea\/wp-json\/wp\/v2\/users\/1"}],"replies":[{"embeddable":true,"href":"https:\/\/maralboran.eu\/aldea\/wp-json\/wp\/v2\/comments?post=68"}],"version-history":[{"count":0,"href":"https:\/\/maralboran.eu\/aldea\/wp-json\/wp\/v2\/posts\/68\/revisions"}],"wp:featuredmedia":[{"embeddable":true,"href":"https:\/\/maralboran.eu\/aldea\/wp-json\/wp\/v2\/media\/69"}],"wp:attachment":[{"href":"https:\/\/maralboran.eu\/aldea\/wp-json\/wp\/v2\/media?parent=68"}],"wp:term":[{"taxonomy":"category","embeddable":true,"href":"https:\/\/maralboran.eu\/aldea\/wp-json\/wp\/v2\/categories?post=68"},{"taxonomy":"post_tag","embeddable":true,"href":"https:\/\/maralboran.eu\/aldea\/wp-json\/wp\/v2\/tags?post=68"}],"curies":[{"name":"wp","href":"https:\/\/api.w.org\/{rel}","templated":true}]}}