{"id":66,"date":"2017-04-16T21:10:03","date_gmt":"2017-04-16T21:10:03","guid":{"rendered":"http:\/\/maralboran.eu\/aldea\/?p=66"},"modified":"2017-05-25T21:11:07","modified_gmt":"2017-05-25T21:11:07","slug":"semana-verde-jornada-5","status":"publish","type":"post","link":"https:\/\/maralboran.eu\/aldea\/2017\/04\/16\/semana-verde-jornada-5\/","title":{"rendered":"Semana Verde. Jornada 5"},"content":{"rendered":"<p>&nbsp;<\/p>\n<p><img loading=\"lazy\" decoding=\"async\" class=\"wp-image-1153 aligncenter\" src=\"http:\/\/maralboran.eu\/wp-content\/uploads\/2017\/04\/Miniatura-blog-6.png\" alt=\"\" width=\"645\" height=\"301\" \/><\/p>\n<ul>\n<li style=\"text-align: justify;\"><strong>Taller de reciclaje de papel. <\/strong>Personal de la Delegaci\u00f3n de Medio Ambiente del Ayuntamiento de Estepona se ha desplazado al IES Mar de Albor\u00e1n durante dos d\u00edas para ense\u00f1ar a todo el alumnado de 1\u00ba ESO c\u00f3mo hacer de manera totalmente artesanal su propio papel reciclado. Lo primero era disponer de la materia prima, para lo cual cada alumno\/a deb\u00eda traer un peri\u00f3dico de su casa. El papel troceado se echa en un recipiente con agua, un poco de cola,\u00a0 t\u00e9mpera verde y se hace una pasta espesa con una batidora. Todo se vierte en un recipiente grande y con la ayuda de una rejilla mallada se recoge una fina pel\u00edcula de pasta. Para extraer el exceso de agua, se coloca sobre una bayeta y por \u00faltimo, se deja la l\u00e1mina que se seque al menos durante un d\u00eda entre hojas de peri\u00f3dico.<\/li>\n<\/ul>\n<p style=\"text-align: justify;\">\u00a0 \u00a0 \u00a0 \u00a0 \u00a0De esta forma tan casera, sin la utilizaci\u00f3n de sustancias qu\u00edmicas, los 270 alumnos\/as de 1\u00ba ESO han podido elaborar su propio papel reciclado con el objetivo de fomentar el reciclado de papel y el uso de papel reciclado como un acto cotidiano.<\/p>\n<ul>\n<li style=\"text-align: justify;\"><strong>Realizaci\u00f3n de v\u00eddeos sobre reciclaje.<\/strong> Alumnos\/as del taller de teatro de 1\u00ba ESO-F han realizado varios v\u00eddeos de concienciaci\u00f3n de los problemas medioambientales. Un trabajo realizado con mucha ilusi\u00f3n que se le dar\u00e1 difusi\u00f3n entre el alumnado del centro.<\/li>\n<\/ul>\n<p><iframe loading=\"lazy\" src=\"https:\/\/www.youtube.com\/embed\/7n1raM-j3CA\" width=\"560\" height=\"315\" frameborder=\"0\" allowfullscreen=\"allowfullscreen\"><\/iframe><br \/>\n<a href=\"http:\/\/www.maralboran.com\/images\/#\/Curso%202016-2017\/aldea\/seman%20verde\/j5\/\">VER GALER\u00cdA<\/a><\/p>\n<p>&nbsp;<\/p>\n<p>&nbsp;<\/p>\n","protected":false},"excerpt":{"rendered":"<p>&nbsp; Taller de reciclaje de papel. Personal de la Delegaci\u00f3n de Medio Ambiente del Ayuntamiento de Estepona se ha desplazado al IES Mar de Albor\u00e1n durante dos d\u00edas para ense\u00f1ar a todo el alumnado&#46;&#46;&#46;<\/p>\n","protected":false},"author":1,"featured_media":67,"comment_status":"closed","ping_status":"closed","sticky":false,"template":"","format":"standard","meta":{"_price":"","_stock":"","_tribe_ticket_header":"","_tribe_default_ticket_provider":"","_tribe_ticket_capacity":"","_ticket_start_date":"","_ticket_end_date":"","_tribe_ticket_show_description":"","_tribe_ticket_show_not_going":false,"_tribe_ticket_use_global_stock":"","_tribe_ticket_global_stock_level":"","_global_stock_mode":"","_global_stock_cap":"","_tribe_rsvp_for_event":"","_tribe_ticket_going_count":"","_tribe_ticket_not_going_count":"","_tribe_tickets_list":"[]","_tribe_ticket_has_attendee_info_fields":false,"_kadence_starter_templates_imported_post":false,"footnotes":""},"categories":[1],"tags":[],"class_list":["post-66","post","type-post","status-publish","format-standard","has-post-thumbnail","hentry","category-sin-categoria"],"gutentor_comment":0,"featured_image_src":"https:\/\/maralboran.eu\/aldea\/wp-content\/uploads\/sites\/33\/2017\/05\/miniatura-5.png","featured_image_src_square":"https:\/\/maralboran.eu\/aldea\/wp-content\/uploads\/sites\/33\/2017\/05\/miniatura-5.png","author_info":{"display_name":"administrador","author_link":"https:\/\/maralboran.eu\/aldea\/author\/administrador\/"},"_links":{"self":[{"href":"https:\/\/maralboran.eu\/aldea\/wp-json\/wp\/v2\/posts\/66","targetHints":{"allow":["GET"]}}],"collection":[{"href":"https:\/\/maralboran.eu\/aldea\/wp-json\/wp\/v2\/posts"}],"about":[{"href":"https:\/\/maralboran.eu\/aldea\/wp-json\/wp\/v2\/types\/post"}],"author":[{"embeddable":true,"href":"https:\/\/maralboran.eu\/aldea\/wp-json\/wp\/v2\/users\/1"}],"replies":[{"embeddable":true,"href":"https:\/\/maralboran.eu\/aldea\/wp-json\/wp\/v2\/comments?post=66"}],"version-history":[{"count":0,"href":"https:\/\/maralboran.eu\/aldea\/wp-json\/wp\/v2\/posts\/66\/revisions"}],"wp:featuredmedia":[{"embeddable":true,"href":"https:\/\/maralboran.eu\/aldea\/wp-json\/wp\/v2\/media\/67"}],"wp:attachment":[{"href":"https:\/\/maralboran.eu\/aldea\/wp-json\/wp\/v2\/media?parent=66"}],"wp:term":[{"taxonomy":"category","embeddable":true,"href":"https:\/\/maralboran.eu\/aldea\/wp-json\/wp\/v2\/categories?post=66"},{"taxonomy":"post_tag","embeddable":true,"href":"https:\/\/maralboran.eu\/aldea\/wp-json\/wp\/v2\/tags?post=66"}],"curies":[{"name":"wp","href":"https:\/\/api.w.org\/{rel}","templated":true}]}}