{"id":57,"date":"2017-04-16T21:02:36","date_gmt":"2017-04-16T21:02:36","guid":{"rendered":"http:\/\/maralboran.eu\/aldea\/?p=57"},"modified":"2017-05-25T21:04:14","modified_gmt":"2017-05-25T21:04:14","slug":"semana-verde-jornada-1","status":"publish","type":"post","link":"https:\/\/maralboran.eu\/aldea\/2017\/04\/16\/semana-verde-jornada-1\/","title":{"rendered":"Semana Verde. Jornada 1"},"content":{"rendered":"<p><img loading=\"lazy\" decoding=\"async\" class=\"wp-image-1140 aligncenter\" src=\"http:\/\/maralboran.eu\/wp-content\/uploads\/2017\/04\/Miniatura-blog-1.png\" alt=\"\" width=\"685\" height=\"320\" \/><\/p>\n<ul>\n<li style=\"text-align: justify;\"><strong>Conferencia sobre Sierra Bermeja a cargo de de D. Javier Martos, Presidente de la Comisi\u00f3n \u201cSierra Bermeja, Parque Natural\u201d.<\/strong> En la apuesta de nuestro centro por dar a conocer su entorno m\u00e1s cercano, a lo largo de todo el curso se han realizado diferentes actividades sobre nuestra sierra, una de las joyas naturales m\u00e1s hermosas por su riqueza geol\u00f3gica\u00a0 y biol\u00f3gica. La exposici\u00f3n \u201cSierra Bermeja, naturalmente Parque Natural\u201d realizada en diciembre, las visitas programadas a este Paraje Natural a lo largo del curso, se han complementado con esta conferencia que ha puesto de manifiesto las caracter\u00edsticas de Sierra Bermeja, haci\u00e9ndola merecedora\u00a0 del m\u00e1s alto grado de protecci\u00f3n que otorga la legislaci\u00f3n espa\u00f1ola.<\/li>\n<\/ul>\n<ul style=\"text-align: justify;\">\n<li><strong>Pancartas y paneles informativos.<\/strong> Con el fin de dar una mayor difusi\u00f3n a todas las actividades programadas e informar de distintos aspectos relacionados con nuestros residuos, se colocaron pancartas y paneles informativos de \u201cRecapacicla\u201d por todos los m\u00f3dulos del centro.<\/li>\n<\/ul>\n<ul>\n<li style=\"text-align: justify;\"><strong>Colocaci\u00f3n de consejos de las tres erres ecol\u00f3gicas<\/strong>. El alumnado de EPV de 2\u00ba de ESO\u00a0ha puesto de manifiesto sus dotes art\u00edsticas con la realizaci\u00f3n del mural \u00abEcoconsejos\u201d.\u00a0Los materiales utilizados en la realizaci\u00f3n han sido reciclados para darles un nuevo uso, poniendo en pr\u00e1ctica las tres \u00abR\u00bb; REDUCIR, REUTILIZAR Y RECICLAR.<\/li>\n<\/ul>\n<p><a href=\"http:\/\/www.maralboran.com\/images\/#\/Curso%202016-2017\/aldea\/seman%20verde\/j1\/\">VER GALER\u00cdA<\/a><\/p>\n","protected":false},"excerpt":{"rendered":"<p>Conferencia sobre Sierra Bermeja a cargo de de D. Javier Martos, Presidente de la Comisi\u00f3n \u201cSierra Bermeja, Parque Natural\u201d. En la apuesta de nuestro centro por dar a conocer su entorno m\u00e1s cercano, a&#46;&#46;&#46;<\/p>\n","protected":false},"author":1,"featured_media":58,"comment_status":"closed","ping_status":"closed","sticky":false,"template":"","format":"standard","meta":{"_price":"","_stock":"","_tribe_ticket_header":"","_tribe_default_ticket_provider":"","_tribe_ticket_capacity":"","_ticket_start_date":"","_ticket_end_date":"","_tribe_ticket_show_description":"","_tribe_ticket_show_not_going":false,"_tribe_ticket_use_global_stock":"","_tribe_ticket_global_stock_level":"","_global_stock_mode":"","_global_stock_cap":"","_tribe_rsvp_for_event":"","_tribe_ticket_going_count":"","_tribe_ticket_not_going_count":"","_tribe_tickets_list":"[]","_tribe_ticket_has_attendee_info_fields":false,"_kadence_starter_templates_imported_post":false,"footnotes":""},"categories":[1],"tags":[],"class_list":["post-57","post","type-post","status-publish","format-standard","has-post-thumbnail","hentry","category-sin-categoria"],"gutentor_comment":0,"featured_image_src":"https:\/\/maralboran.eu\/aldea\/wp-content\/uploads\/sites\/33\/2017\/05\/miniatura-1.png","featured_image_src_square":"https:\/\/maralboran.eu\/aldea\/wp-content\/uploads\/sites\/33\/2017\/05\/miniatura-1.png","author_info":{"display_name":"administrador","author_link":"https:\/\/maralboran.eu\/aldea\/author\/administrador\/"},"_links":{"self":[{"href":"https:\/\/maralboran.eu\/aldea\/wp-json\/wp\/v2\/posts\/57","targetHints":{"allow":["GET"]}}],"collection":[{"href":"https:\/\/maralboran.eu\/aldea\/wp-json\/wp\/v2\/posts"}],"about":[{"href":"https:\/\/maralboran.eu\/aldea\/wp-json\/wp\/v2\/types\/post"}],"author":[{"embeddable":true,"href":"https:\/\/maralboran.eu\/aldea\/wp-json\/wp\/v2\/users\/1"}],"replies":[{"embeddable":true,"href":"https:\/\/maralboran.eu\/aldea\/wp-json\/wp\/v2\/comments?post=57"}],"version-history":[{"count":0,"href":"https:\/\/maralboran.eu\/aldea\/wp-json\/wp\/v2\/posts\/57\/revisions"}],"wp:featuredmedia":[{"embeddable":true,"href":"https:\/\/maralboran.eu\/aldea\/wp-json\/wp\/v2\/media\/58"}],"wp:attachment":[{"href":"https:\/\/maralboran.eu\/aldea\/wp-json\/wp\/v2\/media?parent=57"}],"wp:term":[{"taxonomy":"category","embeddable":true,"href":"https:\/\/maralboran.eu\/aldea\/wp-json\/wp\/v2\/categories?post=57"},{"taxonomy":"post_tag","embeddable":true,"href":"https:\/\/maralboran.eu\/aldea\/wp-json\/wp\/v2\/tags?post=57"}],"curies":[{"name":"wp","href":"https:\/\/api.w.org\/{rel}","templated":true}]}}