{"id":55,"date":"2017-04-16T21:00:33","date_gmt":"2017-04-16T21:00:33","guid":{"rendered":"http:\/\/maralboran.eu\/aldea\/?p=55"},"modified":"2017-05-25T21:02:23","modified_gmt":"2017-05-25T21:02:23","slug":"sierra-bermeja-naturalmente-parque-nacional","status":"publish","type":"post","link":"https:\/\/maralboran.eu\/aldea\/2017\/04\/16\/sierra-bermeja-naturalmente-parque-nacional\/","title":{"rendered":"Sierra Bermeja: naturalmente, parque nacional"},"content":{"rendered":"<p>&nbsp;<\/p>\n<p><img loading=\"lazy\" decoding=\"async\" class=\"wp-image-1150 aligncenter\" src=\"http:\/\/maralboran.eu\/wp-content\/uploads\/2017\/04\/Miniatura-blog-5.png\" alt=\"\" width=\"664\" height=\"310\" \/><\/p>\n<p style=\"text-align: justify;\">Concluyen por este curso 2016-17 las actividades desarrolladas desde el mes de diciembre hasta el de abril por las que los alumnos del IES Mar de Albor\u00e1n de Estepona se han acercado a su patrimonio natural y cultural a trav\u00e9s de la actividad \u201cSierra Bermeja, naturalmente, Parque Nacional\u201d. Esta actividad se encuadra dentro del programa de educaci\u00f3n ambiental desarrollado en nuestro Centro, Programa Aldea, en su cap\u00edtulo de lucha contra el cambio clim\u00e1tico.<\/p>\n<p style=\"text-align: justify;\">El ciclo de actividades arranc\u00f3 con la exposici\u00f3n itinerante del mismo nombre, compuesta por diez paneles explicativos, que nos visit\u00f3 durante una semana (19-23 diciembre). Todos los niveles educativos de nuestro Centro pudieron visitar la exposici\u00f3n, que fue autoguiada. Esta exposici\u00f3n nos lleg\u00f3 de la mano de la Plataforma \u201cSierra Bermeja, Parque Nacional\u201d que, desde 2007, est\u00e1 trabajando para conseguir que este espacio natural de nuestra comarca alcance el mayor nivel de protecci\u00f3n que otorga la legislaci\u00f3n espa\u00f1ola. En ella se abordan valores ambientales de este espacio de forma multidisciplinar, pues cada uno de los diez paneles exhibidos trata de un asunto espec\u00edfico: geolog\u00eda, flora, fauna, ecolog\u00eda, paisaje, geograf\u00eda, historia, recursos econ\u00f3micos y protecci\u00f3n del territorio. Cada panel encierra, ilustrado por espectaculares fotograf\u00edas, valores que hacen de Sierra Bermeja un lugar \u00fanico en el mundo merecedor del mayor nivel de protecci\u00f3n.<\/p>\n<p style=\"text-align: justify;\">Varios grupos de 1\u00baESO y todos los de 4\u00baESO han tenido la oportunidad de visitar el paraje natural de Los Reales de Sierra Bermeja, coraz\u00f3n de este macizo monta\u00f1oso \u00fanico de la Costa Occidental de M\u00e1laga. Una ruta circular que los ha llevado a observar \u201cin situ\u201d lo que hab\u00edan aprendido con la exposici\u00f3n: los ecosistemas bermejenses, sus especies de flora end\u00e9mica (exclusiva) y su emblem\u00e1tico pinsapar, el \u00fanico del mundo sobre peridotitas, rocas de origen profundo cuyo mejor afloramiento en todo el planeta Tierra se encuentra en Sierra Bermeja. En la ruta, los alumnos pudieron descubrir de la mano de Felipe Rom\u00e1n Requena, miembro de la Plataforma y profesor de este Centro, las peculiaridades de esta isla clim\u00e1tica que la hacen un refugio para especies afectadas por el cambio clim\u00e1tico, muchas de ellas end\u00e9micas, la rareza de su suelo t\u00f3xico, su elevada humedad y la abrupta orograf\u00eda que hacen de esta monta\u00f1a un lugar inh\u00f3spito y de gran atractivo, a la vez que un aut\u00e9ntico pulm\u00f3n para la comarca. Esta ruta nos hizo disfrutar del ejercicio f\u00edsico en la naturaleza y magn\u00edficos paisajes dif\u00edciles de imaginar desde nuestro soleado litoral.<\/p>\n<p style=\"text-align: justify;\"><img loading=\"lazy\" decoding=\"async\" class=\"wp-image-1157 aligncenter\" src=\"http:\/\/maralboran.eu\/wp-content\/uploads\/2017\/04\/Miniatura-blog-8.png\" alt=\"\" width=\"657\" height=\"307\" \/><\/p>\n<p style=\"text-align: justify;\">Como colof\u00f3n de esta actividad, con motivo de la <a href=\"https:\/\/www.facebook.com\/hashtag\/semanaverde?source=feed_text&amp;story_id=1842666075982121\">SemanaVerde<\/a> (3-7 abril), Javier Martos Mart\u00edn, uno de los representantes de la Plataforma \u201cSierra Bermeja, Parque Nacional\u201d ofreci\u00f3 la conferencia (3 de abril) \u201c12 aspectos (m\u00e1s 1) que deb\u00e9is conocer sobre Sierra Bermeja\u201d, que evidenciaba aquellos valores que hacen de este coloso alpino malague\u00f1o una monta\u00f1a \u00fanica, por los que toda Sierra Bermeja, entre los municipios de Casares e Ist\u00e1n, debe ser designada parque nacional. Fueron doce perspectivas sobre este macizo, sobre su geolog\u00eda, su biodiversidad y su ubicaci\u00f3n en el contexto del estrecho de Gibraltar, que resultan imprescindibles conocer para valorar a Sierra Bermeja, para amarla y para cuidarla, m\u00e1s una idea adicional, consecuencia de todo lo anterior: SU PROTECCI\u00d3N COMO PARQUE NACIONAL.<\/p>\n","protected":false},"excerpt":{"rendered":"<p>&nbsp; Concluyen por este curso 2016-17 las actividades desarrolladas desde el mes de diciembre hasta el de abril por las que los alumnos del IES Mar de Albor\u00e1n de Estepona se han acercado a&#46;&#46;&#46;<\/p>\n","protected":false},"author":1,"featured_media":56,"comment_status":"closed","ping_status":"closed","sticky":false,"template":"","format":"standard","meta":{"_price":"","_stock":"","_tribe_ticket_header":"","_tribe_default_ticket_provider":"","_tribe_ticket_capacity":"","_ticket_start_date":"","_ticket_end_date":"","_tribe_ticket_show_description":"","_tribe_ticket_show_not_going":false,"_tribe_ticket_use_global_stock":"","_tribe_ticket_global_stock_level":"","_global_stock_mode":"","_global_stock_cap":"","_tribe_rsvp_for_event":"","_tribe_ticket_going_count":"","_tribe_ticket_not_going_count":"","_tribe_tickets_list":"[]","_tribe_ticket_has_attendee_info_fields":false,"_kadence_starter_templates_imported_post":false,"footnotes":""},"categories":[1],"tags":[],"class_list":["post-55","post","type-post","status-publish","format-standard","has-post-thumbnail","hentry","category-sin-categoria"],"gutentor_comment":0,"featured_image_src":"https:\/\/maralboran.eu\/aldea\/wp-content\/uploads\/sites\/33\/2017\/05\/miniatura.png","featured_image_src_square":"https:\/\/maralboran.eu\/aldea\/wp-content\/uploads\/sites\/33\/2017\/05\/miniatura.png","author_info":{"display_name":"administrador","author_link":"https:\/\/maralboran.eu\/aldea\/author\/administrador\/"},"_links":{"self":[{"href":"https:\/\/maralboran.eu\/aldea\/wp-json\/wp\/v2\/posts\/55","targetHints":{"allow":["GET"]}}],"collection":[{"href":"https:\/\/maralboran.eu\/aldea\/wp-json\/wp\/v2\/posts"}],"about":[{"href":"https:\/\/maralboran.eu\/aldea\/wp-json\/wp\/v2\/types\/post"}],"author":[{"embeddable":true,"href":"https:\/\/maralboran.eu\/aldea\/wp-json\/wp\/v2\/users\/1"}],"replies":[{"embeddable":true,"href":"https:\/\/maralboran.eu\/aldea\/wp-json\/wp\/v2\/comments?post=55"}],"version-history":[{"count":0,"href":"https:\/\/maralboran.eu\/aldea\/wp-json\/wp\/v2\/posts\/55\/revisions"}],"wp:featuredmedia":[{"embeddable":true,"href":"https:\/\/maralboran.eu\/aldea\/wp-json\/wp\/v2\/media\/56"}],"wp:attachment":[{"href":"https:\/\/maralboran.eu\/aldea\/wp-json\/wp\/v2\/media?parent=55"}],"wp:term":[{"taxonomy":"category","embeddable":true,"href":"https:\/\/maralboran.eu\/aldea\/wp-json\/wp\/v2\/categories?post=55"},{"taxonomy":"post_tag","embeddable":true,"href":"https:\/\/maralboran.eu\/aldea\/wp-json\/wp\/v2\/tags?post=55"}],"curies":[{"name":"wp","href":"https:\/\/api.w.org\/{rel}","templated":true}]}}