{"id":53,"date":"2017-04-05T20:58:50","date_gmt":"2017-04-05T20:58:50","guid":{"rendered":"http:\/\/maralboran.eu\/aldea\/?p=53"},"modified":"2017-05-25T21:00:20","modified_gmt":"2017-05-25T21:00:20","slug":"consumo-responsable-mundo-mas-saludable","status":"publish","type":"post","link":"https:\/\/maralboran.eu\/aldea\/2017\/04\/05\/consumo-responsable-mundo-mas-saludable\/","title":{"rendered":"Consumo responsable, mundo m\u00e1s saludable"},"content":{"rendered":"<p>&nbsp;<\/p>\n<p style=\"text-align: justify;\"><img loading=\"lazy\" decoding=\"async\" class=\"wp-image-1131 aligncenter\" src=\"http:\/\/maralboran.eu\/wp-content\/uploads\/2017\/04\/Miniatura-blog-3.jpg\" alt=\"\" width=\"719\" height=\"336\" \/><\/p>\n<p style=\"text-align: justify;\">Dentro de las actividades programadas para celebrar la I Semana Verde del IES Mar del Albor\u00e1n se encuentra el \u00abTaller de Consumo Responsable\u00bb impartido por \u00a0personal del \u00e1rea de Medio Ambiente del Ayuntamiento de Estepona al alumnado de 4\u00ba ESO<\/p>\n<p style=\"text-align: justify;\">El objetivo de este Taller es concienciar a nuestro alumnado de la cantidad de \u00ab<strong>peque\u00f1as acciones<\/strong>\u00bb (como dice nuestro lema) que podemos llevar a cabo en nuestro d\u00eda a d\u00eda para<strong>\u00a0no producir residuos<\/strong>. Si no creamos residuos no har\u00eda falta reciclar tanto, por lo que contribuimos, m\u00e1s si cabe, a la conservaci\u00f3n y cuidado de nuestra planeta.<\/p>\n<p>&nbsp;<\/p>\n<p>&nbsp;<\/p>\n","protected":false},"excerpt":{"rendered":"<p>&nbsp; Dentro de las actividades programadas para celebrar la I Semana Verde del IES Mar del Albor\u00e1n se encuentra el \u00abTaller de Consumo Responsable\u00bb impartido por \u00a0personal del \u00e1rea de Medio Ambiente del Ayuntamiento&#46;&#46;&#46;<\/p>\n","protected":false},"author":1,"featured_media":54,"comment_status":"closed","ping_status":"closed","sticky":false,"template":"","format":"standard","meta":{"_price":"","_stock":"","_tribe_ticket_header":"","_tribe_default_ticket_provider":"","_tribe_ticket_capacity":"","_ticket_start_date":"","_ticket_end_date":"","_tribe_ticket_show_description":"","_tribe_ticket_show_not_going":false,"_tribe_ticket_use_global_stock":"","_tribe_ticket_global_stock_level":"","_global_stock_mode":"","_global_stock_cap":"","_tribe_rsvp_for_event":"","_tribe_ticket_going_count":"","_tribe_ticket_not_going_count":"","_tribe_tickets_list":"[]","_tribe_ticket_has_attendee_info_fields":false,"_kadence_starter_templates_imported_post":false,"footnotes":""},"categories":[1],"tags":[],"class_list":["post-53","post","type-post","status-publish","format-standard","has-post-thumbnail","hentry","category-sin-categoria"],"gutentor_comment":0,"featured_image_src":"https:\/\/maralboran.eu\/aldea\/wp-content\/uploads\/sites\/33\/2017\/05\/destacado_22marzo2017-1.jpg","featured_image_src_square":"https:\/\/maralboran.eu\/aldea\/wp-content\/uploads\/sites\/33\/2017\/05\/destacado_22marzo2017-1.jpg","author_info":{"display_name":"administrador","author_link":"https:\/\/maralboran.eu\/aldea\/author\/administrador\/"},"_links":{"self":[{"href":"https:\/\/maralboran.eu\/aldea\/wp-json\/wp\/v2\/posts\/53","targetHints":{"allow":["GET"]}}],"collection":[{"href":"https:\/\/maralboran.eu\/aldea\/wp-json\/wp\/v2\/posts"}],"about":[{"href":"https:\/\/maralboran.eu\/aldea\/wp-json\/wp\/v2\/types\/post"}],"author":[{"embeddable":true,"href":"https:\/\/maralboran.eu\/aldea\/wp-json\/wp\/v2\/users\/1"}],"replies":[{"embeddable":true,"href":"https:\/\/maralboran.eu\/aldea\/wp-json\/wp\/v2\/comments?post=53"}],"version-history":[{"count":0,"href":"https:\/\/maralboran.eu\/aldea\/wp-json\/wp\/v2\/posts\/53\/revisions"}],"wp:featuredmedia":[{"embeddable":true,"href":"https:\/\/maralboran.eu\/aldea\/wp-json\/wp\/v2\/media\/54"}],"wp:attachment":[{"href":"https:\/\/maralboran.eu\/aldea\/wp-json\/wp\/v2\/media?parent=53"}],"wp:term":[{"taxonomy":"category","embeddable":true,"href":"https:\/\/maralboran.eu\/aldea\/wp-json\/wp\/v2\/categories?post=53"},{"taxonomy":"post_tag","embeddable":true,"href":"https:\/\/maralboran.eu\/aldea\/wp-json\/wp\/v2\/tags?post=53"}],"curies":[{"name":"wp","href":"https:\/\/api.w.org\/{rel}","templated":true}]}}