{"id":32,"date":"2017-02-09T10:38:01","date_gmt":"2017-02-09T10:38:01","guid":{"rendered":"http:\/\/maralboran.eu\/aldea\/?p=32"},"modified":"2017-03-31T09:33:04","modified_gmt":"2017-03-31T09:33:04","slug":"proyecto-aldea","status":"publish","type":"post","link":"https:\/\/maralboran.eu\/aldea\/2017\/02\/09\/proyecto-aldea\/","title":{"rendered":"Programa Aldea"},"content":{"rendered":"<p><img loading=\"lazy\" decoding=\"async\" class=\" aligncenter\" src=\"http:\/\/www.juntadeandalucia.es\/educacion\/webportal\/image\/image_gallery?uuid=00369835-a591-4958-934b-2551b5bd50d1&amp;groupId=34401&amp;t=1473330852861\" alt=\"\" width=\"351\" height=\"234\" \/><\/p>\n<h4 style=\"text-align: center\"><a href=\"http:\/\/maralboran.eu\/blog\/category\/aldea\/\">VER NOTICIAS DE \u201cALDEA\u201d EN NUESTRO BLOG<\/a><\/h4>\n<p style=\"text-align: center\"><a href=\"http:\/\/iesmaralboran.blogspot.com.es\/search\/label\/KiotoEduca\">VER NOTICIAS ANTIGUAS DE KIOTOEDUCA<\/a><\/p>\n<p style=\"text-align: justify\"><strong>\u00bf Qu\u00e9 es el programa Aldea ?<\/strong><br \/>\nEl IES Mar de Albor\u00e1n participa durante el curso 2016-2017 en el programa ALDEA de educaci\u00f3n ambiental de la Junta de Andaluc\u00eda. El programa ALDEA pretende promover el desarrollo integrado de iniciativas de educaci\u00f3n para la conservaci\u00f3n de los recursos naturales y la promoci\u00f3n del desarrollo sostenible en el \u00e1mbito de la comunidad educativa andaluza, al objeto de contribuir a una sociedad m\u00e1s proambiental, justa y solidaria.<\/p>\n<p style=\"text-align: justify\">Aldea se configura como una herramienta para favorecer el desarrollo de las competencias clave del alumnado, el intercambio de experiencias educativas, el trabajo en equipo, la creaci\u00f3n de redes profesionales, el trabajo por proyectos u otras metodolog\u00edas activas e innovadoras que propicien, en definitiva, un cambio en conductas ambientales con nuestro entorno y que incida en la pr\u00e1ctica educativa diaria.<\/p>\n<p style=\"text-align: justify\">Nuestro centro llevar\u00e1 a cabo dos proyectos tem\u00e1ticos:<\/p>\n<p style=\"text-align: justify\"><strong>Proyecto Terral y Proyecto Recapacicla<\/strong>.<\/p>\n<p style=\"text-align: justify\"><strong>\u00bfQui\u00e9nes somos?<\/strong><\/p>\n<p style=\"text-align: justify\">El programa Aldea est\u00e1 integrado por gran parte del profesorado del centro y por todo el alumnado, especialmente por el de secundaria obligatoria.\u00a0Poco a poco la labor de concienciaci\u00f3n est\u00e1 dando sus frutos gracias al entusiasmo y el dinamismo mostrado por todos sus integrantes, lo que hace que cada vez nos pongamos metas m\u00e1s ambiciosas.<\/p>\n<p style=\"text-align: justify\"><strong>\u00bfQu\u00e9 objetivos tenemos?<br \/>\n<\/strong>\u2022 Impulsar la concienciaci\u00f3n del alumnado en las problem\u00e1ticas ambientales<br \/>\n\u2022 Fomentar la adopci\u00f3n de actitudes y valores a favor de la conservaci\u00f3n del entorno.<br \/>\n\u2022 Potenciar el desarrollo de comportamientos pro-ambientales.<br \/>\n\u2022 Involucrar al alumnado en la resoluci\u00f3n de problemas ambientales.<br \/>\n\u2022 Promover el desarrollo de iniciativas y procesos de educaci\u00f3n y sensibilizaci\u00f3n ambiental en torno al cambio clim\u00e1tico.<br \/>\n\u2022 Incentivar la implicaci\u00f3n personal y colectiva en el proceso de reducci\u00f3n de emisiones de gases de efecto invernadero.<\/p>\n<p style=\"text-align: justify\"><strong>\u00bfQu\u00e9 actividades realizamos?<a href=\"http:\/\/www.maralboran.com\/principal\/kiotoeduca\/kioto2-2\/\" rel=\"attachment wp-att-3601\"><img loading=\"lazy\" decoding=\"async\" class=\"size-full wp-image-3601 alignright\" src=\"http:\/\/www.maralboran.com\/principal\/wp-content\/uploads\/2016\/10\/kioto2.png\" alt=\"kioto2\" width=\"300\" height=\"300\" \/><\/a><\/strong><br \/>\nSe realizar\u00e1 un an\u00e1lisis de las emisiones de CO2 del centro educativo, encaminadas a una reducci\u00f3n efectiva de \u00e9stas. Para ello se proponen dos estrategias sucesivas:<\/p>\n<ul>\n<li style=\"text-align: justify\">Actividades de Sensibilizaci\u00f3n ambiental y propuestas did\u00e1cticas para el desarrollo del curr\u00edculo. Proceso de sensibilizaci\u00f3n y conocimiento del Cambio Clim\u00e1tico mediante una serie de recursos y las orientaciones necesarias para su integraci\u00f3n curricular.<\/li>\n<li style=\"text-align: justify\">Plan de Reducci\u00f3n de Emisiones. Se plantea un proceso de trabajo que culmine con la elaboraci\u00f3n de un Plan de Reducci\u00f3n de Emisiones de los Gases de Efecto Invernadero que permita la cuantificaci\u00f3n anual de las mismas y la \u00a0posibilidad de su reducci\u00f3n, centr\u00e1ndose en los \u00e1mbitos en los que las emisiones de CO2 a la atm\u00f3sfera son m\u00e1s significativas: El consumo de energ\u00eda el\u00e9ctrica y de calefacci\u00f3n \/ El transporte del alumnado y el profesorado al centro educativo \/ El consumo del papel.<\/li>\n<li style=\"text-align: justify\">Investigando los residuos. Actividad que promueve un proceso de b\u00fasqueda, generaci\u00f3n y tratamiento de informaci\u00f3n por parte del alumnado acerca de los residuos y su reciclaje en el centro educativo, el hogar y el municipio, con el foco final en envases y vidrio. Es una actividad eminentemente investigativa que se puede desarrollar a lo largo de todo el curso escolar.<\/li>\n<li style=\"text-align: justify\">D\u00eda del Reciclaje. Se facilitar\u00e1 apoyo externo para realizar esta actividad que permitir\u00e1 contar con monitorizaci\u00f3n, proyecci\u00f3n de pel\u00edculas, montaje de exposici\u00f3n, talleres de reciclaje, actividades l\u00fadicas (creaci\u00f3n art\u00edstica, aplicaci\u00f3n tecnol\u00f3gica\u2026), mercadillo de trueque\u2026<\/li>\n<li style=\"text-align: justify\">\u00a0Actividades en el aula. El profesorado participante en el proyecto, y en funci\u00f3n del Plan de Actuaci\u00f3n elaborado por el centro, debe realizar, al menos, una de las actividades siguientes: PlanetaRecicla \/ \u00bfQui\u00e9n recicla nuestra basura? \/ Reciclando con arte \/ Localizando tus contenedores de reciclaje \/ Minimizando los residuos de nuestro centro educativo<\/li>\n<\/ul>\n<p><!--more--><\/p>\n<p style=\"text-align: left\">\n","protected":false},"excerpt":{"rendered":"<p>VER NOTICIAS DE \u201cALDEA\u201d EN NUESTRO BLOG VER NOTICIAS ANTIGUAS DE KIOTOEDUCA \u00bf Qu\u00e9 es el programa Aldea ? El IES Mar de Albor\u00e1n participa durante el curso 2016-2017 en el programa ALDEA de&#46;&#46;&#46;<\/p>\n","protected":false},"author":1,"featured_media":31,"comment_status":"closed","ping_status":"closed","sticky":false,"template":"","format":"standard","meta":{"_price":"","_stock":"","_tribe_ticket_header":"","_tribe_default_ticket_provider":"","_tribe_ticket_capacity":"","_ticket_start_date":"","_ticket_end_date":"","_tribe_ticket_show_description":"","_tribe_ticket_show_not_going":false,"_tribe_ticket_use_global_stock":"","_tribe_ticket_global_stock_level":"","_global_stock_mode":"","_global_stock_cap":"","_tribe_rsvp_for_event":"","_tribe_ticket_going_count":"","_tribe_ticket_not_going_count":"","_tribe_tickets_list":"[]","_tribe_ticket_has_attendee_info_fields":false,"_kadence_starter_templates_imported_post":false,"footnotes":""},"categories":[1],"tags":[],"class_list":["post-32","post","type-post","status-publish","format-standard","has-post-thumbnail","hentry","category-sin-categoria"],"gutentor_comment":0,"featured_image_src":"https:\/\/maralboran.eu\/aldea\/wp-content\/uploads\/sites\/33\/2017\/02\/aldea-logo.png","featured_image_src_square":"https:\/\/maralboran.eu\/aldea\/wp-content\/uploads\/sites\/33\/2017\/02\/aldea-logo.png","author_info":{"display_name":"administrador","author_link":"https:\/\/maralboran.eu\/aldea\/author\/administrador\/"},"_links":{"self":[{"href":"https:\/\/maralboran.eu\/aldea\/wp-json\/wp\/v2\/posts\/32","targetHints":{"allow":["GET"]}}],"collection":[{"href":"https:\/\/maralboran.eu\/aldea\/wp-json\/wp\/v2\/posts"}],"about":[{"href":"https:\/\/maralboran.eu\/aldea\/wp-json\/wp\/v2\/types\/post"}],"author":[{"embeddable":true,"href":"https:\/\/maralboran.eu\/aldea\/wp-json\/wp\/v2\/users\/1"}],"replies":[{"embeddable":true,"href":"https:\/\/maralboran.eu\/aldea\/wp-json\/wp\/v2\/comments?post=32"}],"version-history":[{"count":1,"href":"https:\/\/maralboran.eu\/aldea\/wp-json\/wp\/v2\/posts\/32\/revisions"}],"predecessor-version":[{"id":45,"href":"https:\/\/maralboran.eu\/aldea\/wp-json\/wp\/v2\/posts\/32\/revisions\/45"}],"wp:featuredmedia":[{"embeddable":true,"href":"https:\/\/maralboran.eu\/aldea\/wp-json\/wp\/v2\/media\/31"}],"wp:attachment":[{"href":"https:\/\/maralboran.eu\/aldea\/wp-json\/wp\/v2\/media?parent=32"}],"wp:term":[{"taxonomy":"category","embeddable":true,"href":"https:\/\/maralboran.eu\/aldea\/wp-json\/wp\/v2\/categories?post=32"},{"taxonomy":"post_tag","embeddable":true,"href":"https:\/\/maralboran.eu\/aldea\/wp-json\/wp\/v2\/tags?post=32"}],"curies":[{"name":"wp","href":"https:\/\/api.w.org\/{rel}","templated":true}]}}