{"id":28,"date":"2017-02-09T10:33:47","date_gmt":"2017-02-09T10:33:47","guid":{"rendered":"http:\/\/maralboran.eu\/aldea\/?p=28"},"modified":"2017-02-09T10:33:47","modified_gmt":"2017-02-09T10:33:47","slug":"taller-de-reciclaje-y-charlas-sobre-residuos","status":"publish","type":"post","link":"https:\/\/maralboran.eu\/aldea\/2017\/02\/09\/taller-de-reciclaje-y-charlas-sobre-residuos\/","title":{"rendered":"Taller de reciclaje y charlas sobre residuos"},"content":{"rendered":"<p style=\"text-align: justify;\"><a href=\"http:\/\/www.maralboran.com\/principal\/taller-de-reciclaje-y-charlas-sobre-residuos\/miniatura-blog-10\/\" rel=\"attachment wp-att-3993\"><br \/>\n<\/a><img loading=\"lazy\" decoding=\"async\" class=\"alignleft\" src=\"http:\/\/www.maralboran.com\/images\/content\/Curso 2016-2017\/taller reciclaje\/IMG-20161207-WA0010.jpg\" alt=\"\" width=\"269\" height=\"479\" \/>El pasado 2 de diciembre concluyeron las actividades organizadas por el IES Mar de Albor\u00e1n, con la colaboraci\u00f3n de la Delegaci\u00f3n de Medio Ambiente del Ayuntamiento de Estepona, relacionadas con el programa de educaci\u00f3n ambiental Aldea.<\/p>\n<p style=\"text-align: justify;\">Los grupos de 1\u00ba y 3\u00ba ESO ha recibido unas charlas medioambientales en las que se les ha informado de la peligrosidad de algunos residuos tan cotidianos como las pilas.<\/p>\n<p style=\"text-align: justify;\">Los grupos de 2\u00ba ESO han realizado un taller de reciclaje\u00a0 con CDs inutilizados para elaborar adornos navide\u00f1os. El objetivo de este taller ha sido ense\u00f1ar los conceptos de reutilizaci\u00f3n y reciclaje, a la vez que promover un consumo responsable, especialmente durante las pr\u00f3ximas fechas.<\/p>\n<p style=\"text-align: justify;\">Hay que mostrar nuestro agradecimiento a Macarena, t\u00e9cnico de la Delegaci\u00f3n de Medio Ambiente del Ayuntamiento de Estepona, ya que gracias a su profesionalidad, se ha conseguido motivar y despertar el inter\u00e9s del alumnado por el cuidado del medio ambiente.<\/p>\n<p style=\"text-align: justify;\"><a href=\"http:\/\/www.maralboran.com\/images\/#\/Curso%202016-2017\/taller%20reciclaje\/\">VER GALER\u00cdA<\/a><\/p>\n","protected":false},"excerpt":{"rendered":"<p>El pasado 2 de diciembre concluyeron las actividades organizadas por el IES Mar de Albor\u00e1n, con la colaboraci\u00f3n de la Delegaci\u00f3n de Medio Ambiente del Ayuntamiento de Estepona, relacionadas con el programa de educaci\u00f3n&#46;&#46;&#46;<\/p>\n","protected":false},"author":1,"featured_media":29,"comment_status":"closed","ping_status":"closed","sticky":false,"template":"","format":"standard","meta":{"_price":"","_stock":"","_tribe_ticket_header":"","_tribe_default_ticket_provider":"","_tribe_ticket_capacity":"","_ticket_start_date":"","_ticket_end_date":"","_tribe_ticket_show_description":"","_tribe_ticket_show_not_going":false,"_tribe_ticket_use_global_stock":"","_tribe_ticket_global_stock_level":"","_global_stock_mode":"","_global_stock_cap":"","_tribe_rsvp_for_event":"","_tribe_ticket_going_count":"","_tribe_ticket_not_going_count":"","_tribe_tickets_list":"[]","_tribe_ticket_has_attendee_info_fields":false,"_kadence_starter_templates_imported_post":false,"footnotes":""},"categories":[1],"tags":[],"class_list":["post-28","post","type-post","status-publish","format-standard","has-post-thumbnail","hentry","category-sin-categoria"],"gutentor_comment":0,"featured_image_src":"https:\/\/maralboran.eu\/aldea\/wp-content\/uploads\/sites\/33\/2017\/02\/taller-reciclaje.jpg","featured_image_src_square":"https:\/\/maralboran.eu\/aldea\/wp-content\/uploads\/sites\/33\/2017\/02\/taller-reciclaje.jpg","author_info":{"display_name":"administrador","author_link":"https:\/\/maralboran.eu\/aldea\/author\/administrador\/"},"_links":{"self":[{"href":"https:\/\/maralboran.eu\/aldea\/wp-json\/wp\/v2\/posts\/28","targetHints":{"allow":["GET"]}}],"collection":[{"href":"https:\/\/maralboran.eu\/aldea\/wp-json\/wp\/v2\/posts"}],"about":[{"href":"https:\/\/maralboran.eu\/aldea\/wp-json\/wp\/v2\/types\/post"}],"author":[{"embeddable":true,"href":"https:\/\/maralboran.eu\/aldea\/wp-json\/wp\/v2\/users\/1"}],"replies":[{"embeddable":true,"href":"https:\/\/maralboran.eu\/aldea\/wp-json\/wp\/v2\/comments?post=28"}],"version-history":[{"count":0,"href":"https:\/\/maralboran.eu\/aldea\/wp-json\/wp\/v2\/posts\/28\/revisions"}],"wp:featuredmedia":[{"embeddable":true,"href":"https:\/\/maralboran.eu\/aldea\/wp-json\/wp\/v2\/media\/29"}],"wp:attachment":[{"href":"https:\/\/maralboran.eu\/aldea\/wp-json\/wp\/v2\/media?parent=28"}],"wp:term":[{"taxonomy":"category","embeddable":true,"href":"https:\/\/maralboran.eu\/aldea\/wp-json\/wp\/v2\/categories?post=28"},{"taxonomy":"post_tag","embeddable":true,"href":"https:\/\/maralboran.eu\/aldea\/wp-json\/wp\/v2\/tags?post=28"}],"curies":[{"name":"wp","href":"https:\/\/api.w.org\/{rel}","templated":true}]}}