{"id":155,"date":"2023-01-10T12:08:00","date_gmt":"2023-01-10T12:08:00","guid":{"rendered":"https:\/\/maralboran.eu\/aldea\/?p=155"},"modified":"2023-04-23T17:34:01","modified_gmt":"2023-04-23T17:34:01","slug":"eco-huerto-escolar","status":"publish","type":"post","link":"https:\/\/maralboran.eu\/aldea\/2023\/01\/10\/eco-huerto-escolar\/","title":{"rendered":"Eco-huerto escolar"},"content":{"rendered":"\n<p>A principios de noviembre, comenzamos a montar un peque\u00f1o huerto escolar en las zonas de frutales detr\u00e1s del m\u00f3dulo 4 durante los recreos. El alumnado se apunt\u00f3 voluntariamente a esta actividad que estaba abierta a todos los niveles educativos. <\/p>\n\n\n\n<p>Comenzamos con la limpieza de la zona, trabajando la tierra y plantando algunas semillas de habas, y guisantes. Adriana, una alumna de FPB, aport\u00f3 unos plantones de puerros. Posteriormente, en enero, Iv\u00e1n, de 1\u00ba A, trajo plantones plantones de lechugas, cebollinos, coles, coliflores, tomates y pimientos, entre otros.<\/p>\n\n\n\n<p>En estas jornadas durante los recreos, el alumnado, adem\u00e1s de aprender sobre el proceso de siembra y cuidado de las plantas, se relaciona en un ambiente de convivencia positiva.<\/p>\n\n\n\n<p><a href=\"https:\/\/docs.google.com\/presentation\/d\/e\/2PACX-1vQrExF4JzPKydQC9i1P3c8l8pQ6I-kLLUx2vFzrd4Wdu29fTw6QZf3R14-2wkECsTjIVuN-sV1MRBQV\/pub?start=true&amp;loop=true&amp;delayms=3000\">Im\u00e1genes<\/a><\/p>\n\n\n\n<p class=\"has-text-align-center\"><\/p>\n\n\n\n<p class=\"has-text-align-center\"><\/p>\n","protected":false},"excerpt":{"rendered":"<p>A principios de noviembre, comenzamos a montar un peque\u00f1o huerto escolar en las zonas de frutales detr\u00e1s del m\u00f3dulo 4 durante los recreos. El alumnado se apunt\u00f3 voluntariamente a esta actividad que estaba abierta&#46;&#46;&#46;<\/p>\n","protected":false},"author":49,"featured_media":167,"comment_status":"open","ping_status":"open","sticky":false,"template":"","format":"standard","meta":{"_price":"","_stock":"","_tribe_ticket_header":"","_tribe_default_ticket_provider":"","_tribe_ticket_capacity":"","_ticket_start_date":"","_ticket_end_date":"","_tribe_ticket_show_description":"","_tribe_ticket_show_not_going":false,"_tribe_ticket_use_global_stock":"","_tribe_ticket_global_stock_level":"","_global_stock_mode":"","_global_stock_cap":"","_tribe_rsvp_for_event":"","_tribe_ticket_going_count":"","_tribe_ticket_not_going_count":"","_tribe_tickets_list":"[]","_tribe_ticket_has_attendee_info_fields":false,"_kadence_starter_templates_imported_post":false,"footnotes":""},"categories":[1],"tags":[],"class_list":["post-155","post","type-post","status-publish","format-standard","has-post-thumbnail","hentry","category-sin-categoria"],"gutentor_comment":0,"featured_image_src":"https:\/\/maralboran.eu\/aldea\/wp-content\/uploads\/sites\/33\/2023\/04\/primer-dia-4-1-600x400.jpeg","featured_image_src_square":"https:\/\/maralboran.eu\/aldea\/wp-content\/uploads\/sites\/33\/2023\/04\/primer-dia-4-1-600x600.jpeg","author_info":{"display_name":"asantel687","author_link":"https:\/\/maralboran.eu\/aldea\/author\/asantel687\/"},"_links":{"self":[{"href":"https:\/\/maralboran.eu\/aldea\/wp-json\/wp\/v2\/posts\/155","targetHints":{"allow":["GET"]}}],"collection":[{"href":"https:\/\/maralboran.eu\/aldea\/wp-json\/wp\/v2\/posts"}],"about":[{"href":"https:\/\/maralboran.eu\/aldea\/wp-json\/wp\/v2\/types\/post"}],"author":[{"embeddable":true,"href":"https:\/\/maralboran.eu\/aldea\/wp-json\/wp\/v2\/users\/49"}],"replies":[{"embeddable":true,"href":"https:\/\/maralboran.eu\/aldea\/wp-json\/wp\/v2\/comments?post=155"}],"version-history":[{"count":4,"href":"https:\/\/maralboran.eu\/aldea\/wp-json\/wp\/v2\/posts\/155\/revisions"}],"predecessor-version":[{"id":174,"href":"https:\/\/maralboran.eu\/aldea\/wp-json\/wp\/v2\/posts\/155\/revisions\/174"}],"wp:featuredmedia":[{"embeddable":true,"href":"https:\/\/maralboran.eu\/aldea\/wp-json\/wp\/v2\/media\/167"}],"wp:attachment":[{"href":"https:\/\/maralboran.eu\/aldea\/wp-json\/wp\/v2\/media?parent=155"}],"wp:term":[{"taxonomy":"category","embeddable":true,"href":"https:\/\/maralboran.eu\/aldea\/wp-json\/wp\/v2\/categories?post=155"},{"taxonomy":"post_tag","embeddable":true,"href":"https:\/\/maralboran.eu\/aldea\/wp-json\/wp\/v2\/tags?post=155"}],"curies":[{"name":"wp","href":"https:\/\/api.w.org\/{rel}","templated":true}]}}