{"id":152,"date":"2022-11-25T17:42:00","date_gmt":"2022-11-25T17:42:00","guid":{"rendered":"https:\/\/maralboran.eu\/aldea\/?p=152"},"modified":"2023-04-23T18:47:04","modified_gmt":"2023-04-23T18:47:04","slug":"taller-de-reciclado-con-alumnado-erasmus-procedente-de-suecia","status":"publish","type":"post","link":"https:\/\/maralboran.eu\/aldea\/2022\/11\/25\/taller-de-reciclado-con-alumnado-erasmus-procedente-de-suecia\/","title":{"rendered":"TALLER DE RECICLADO CON ALUMNADO ERASMUS PROCEDENTE DE SUECIA"},"content":{"rendered":"\n<p>El pasado 9 de noviembre, parte de nuestro alumnado de 3\u00ba de ESO-D particip\u00f3 con un grupo de alumnado sueco de nuestro programa Erasmus+ en un taller de reciclado.<\/p>\n\n\n\n<p>La actividad consisti\u00f3 en elaborar un soporte para m\u00f3vil con un trozo de cart\u00f3n reciclado de una caja.<\/p>\n\n\n\n<p>Para ello, el alumnado de 3\u00ba de ESO-D que quiso participar en la actividad elabor\u00f3 en la materia de ingl\u00e9s un poster biling\u00fce con las instrucciones para llevar a cabo esta tarea. <\/p>\n\n\n\n<p><a href=\"https:\/\/docs.google.com\/presentation\/d\/e\/2PACX-1vSQBHr2T5xtzybSJQffV4Nl6FSIV6K0B6bZ2gxl8qbQp0oXzVsJVSVx-g6NheMerIrQbcJWQoPvWh87\/pub?start=false&amp;loop=false&amp;delayms=3000\" data-type=\"URL\" data-id=\"https:\/\/docs.google.com\/presentation\/d\/e\/2PACX-1vSQBHr2T5xtzybSJQffV4Nl6FSIV6K0B6bZ2gxl8qbQp0oXzVsJVSVx-g6NheMerIrQbcJWQoPvWh87\/pub?start=false&amp;loop=false&amp;delayms=3000\">GALER\u00cdA DE IM\u00c1GENES<\/a><\/p>\n\n\n\n<p class=\"has-text-align-center\"><\/p>\n","protected":false},"excerpt":{"rendered":"<p>El pasado 9 de noviembre, parte de nuestro alumnado de 3\u00ba de ESO-D particip\u00f3 con un grupo de alumnado sueco de nuestro programa Erasmus+ en un taller de reciclado. La actividad consisti\u00f3 en elaborar&#46;&#46;&#46;<\/p>\n","protected":false},"author":49,"featured_media":175,"comment_status":"open","ping_status":"open","sticky":false,"template":"","format":"standard","meta":{"_price":"","_stock":"","_tribe_ticket_header":"","_tribe_default_ticket_provider":"","_tribe_ticket_capacity":"","_ticket_start_date":"","_ticket_end_date":"","_tribe_ticket_show_description":"","_tribe_ticket_show_not_going":false,"_tribe_ticket_use_global_stock":"","_tribe_ticket_global_stock_level":"","_global_stock_mode":"","_global_stock_cap":"","_tribe_rsvp_for_event":"","_tribe_ticket_going_count":"","_tribe_ticket_not_going_count":"","_tribe_tickets_list":"[]","_tribe_ticket_has_attendee_info_fields":false,"_kadence_starter_templates_imported_post":false,"footnotes":""},"categories":[1],"tags":[],"class_list":["post-152","post","type-post","status-publish","format-standard","has-post-thumbnail","hentry","category-sin-categoria"],"gutentor_comment":0,"featured_image_src":"https:\/\/maralboran.eu\/aldea\/wp-content\/uploads\/sites\/33\/2023\/04\/SOPORTE-MOVIL-600x400.jpeg","featured_image_src_square":"https:\/\/maralboran.eu\/aldea\/wp-content\/uploads\/sites\/33\/2023\/04\/SOPORTE-MOVIL-600x600.jpeg","author_info":{"display_name":"asantel687","author_link":"https:\/\/maralboran.eu\/aldea\/author\/asantel687\/"},"_links":{"self":[{"href":"https:\/\/maralboran.eu\/aldea\/wp-json\/wp\/v2\/posts\/152","targetHints":{"allow":["GET"]}}],"collection":[{"href":"https:\/\/maralboran.eu\/aldea\/wp-json\/wp\/v2\/posts"}],"about":[{"href":"https:\/\/maralboran.eu\/aldea\/wp-json\/wp\/v2\/types\/post"}],"author":[{"embeddable":true,"href":"https:\/\/maralboran.eu\/aldea\/wp-json\/wp\/v2\/users\/49"}],"replies":[{"embeddable":true,"href":"https:\/\/maralboran.eu\/aldea\/wp-json\/wp\/v2\/comments?post=152"}],"version-history":[{"count":3,"href":"https:\/\/maralboran.eu\/aldea\/wp-json\/wp\/v2\/posts\/152\/revisions"}],"predecessor-version":[{"id":178,"href":"https:\/\/maralboran.eu\/aldea\/wp-json\/wp\/v2\/posts\/152\/revisions\/178"}],"wp:featuredmedia":[{"embeddable":true,"href":"https:\/\/maralboran.eu\/aldea\/wp-json\/wp\/v2\/media\/175"}],"wp:attachment":[{"href":"https:\/\/maralboran.eu\/aldea\/wp-json\/wp\/v2\/media?parent=152"}],"wp:term":[{"taxonomy":"category","embeddable":true,"href":"https:\/\/maralboran.eu\/aldea\/wp-json\/wp\/v2\/categories?post=152"},{"taxonomy":"post_tag","embeddable":true,"href":"https:\/\/maralboran.eu\/aldea\/wp-json\/wp\/v2\/tags?post=152"}],"curies":[{"name":"wp","href":"https:\/\/api.w.org\/{rel}","templated":true}]}}